{"id":52413,"date":"2026-04-28T11:57:29","date_gmt":"2026-04-28T11:57:29","guid":{"rendered":"https:\/\/www.diasdavilaacontece.com\/?p=52413"},"modified":"2026-04-28T11:57:29","modified_gmt":"2026-04-28T11:57:29","slug":"dr-yang-da-clisanna-fala-da-importancia-para-o-trabalhador-na-saude-e-seguranca-no-trabalho","status":"publish","type":"post","link":"https:\/\/www.diasdavilaacontece.com\/?p=52413","title":{"rendered":"Dr YANG DA CLISANNA FALA DA IMPORT\u00c2NCIA PARA O TRABALHADOR NA SA\u00daDE E SEGURAN\u00c7A NO TRABALHO"},"content":{"rendered":"<p>Neste <strong>28 de abril<\/strong>, o Brasil marca o <strong>Dia Nacional em Mem\u00f3ria das V\u00edtimas de Acidentes e Doen\u00e7as do Trabalho<\/strong>, data que integra o <strong>Abril Verde<\/strong> \u2014 campanha que busca <strong>consientizar sobre a seguran\u00e7a e a sa\u00fade no ambiente laboral<\/strong>. O <strong>Dr. Yang Fonseca<\/strong>, m\u00e9dico da <strong>Clisanna<\/strong>, destaca a <strong>necessidade de prevenir acidentes<\/strong> e garantir <strong>ambientes seguros<\/strong> para todos os trabalhadores.<\/p>\n<p><strong>&#8220;A seguran\u00e7a no trabalho n\u00e3o \u00e9 opcional: \u00e9 um direito. Todo trabalhador merece condi\u00e7\u00f5es dignas e protegidas para exercer suas fun\u00e7\u00f5es sem riscos \u00e0 sa\u00fade ou \u00e0 vida&#8221;<\/strong>, afirma o m\u00e9dico.<\/p>\n<p>Com um <strong>grande n\u00famero de trabalhadores<\/strong> n\u00e3o apenas na cidade, mas tamb\u00e9m no <strong>Polo Petroqu\u00edmico de Cama\u00e7ari<\/strong> \u2014 <strong>um dos maiores geradores de empregos da Bahia<\/strong> \u2014, a <strong>preven\u00e7\u00e3o de acidentes<\/strong> torna-se <strong>ainda mais crucial<\/strong>. <strong>&#8220;Ambientes industriais e de alta complexidade exigem protocolos r\u00edgidos de seguran\u00e7a, equipamentos de prote\u00e7\u00e3o e treinamentos constantes. A vida do trabalhador deve sempre vir em primeiro lugar!&#8221;<\/strong>, refor\u00e7a Dr. Yang.<\/p>\n<h3><strong>Conscientiza\u00e7\u00e3o e preven\u00e7\u00e3o: o papel de todos<\/strong><\/h3>\n<p>O <strong>Abril Verde<\/strong> \u00e9 um <strong>chamado \u00e0 a\u00e7\u00e3o<\/strong> para:<br \/>\n\u2705 <strong>Empregadores<\/strong> \u2013 **Investir em equipamentos de prote\u00e7\u00e3o (EPIs) e treinamentos;<br \/>\n\u2705 <strong>Trabalhadores<\/strong> \u2013 **Exigir condi\u00e7\u00f5es seguras e denunciar irregularidades;<br \/>\n\u2705 <strong>Poder P\u00fablico<\/strong> \u2013 **Fiscalizar e garantir o cumprimento das normas de seguran\u00e7a.<\/p>\n<p><strong>&#8220;Acidentes e doen\u00e7as do trabalho podem ser evitados. A conscientiza\u00e7\u00e3o e a preven\u00e7\u00e3o salvam vidas!&#8221;<\/strong>, conclui o m\u00e9dico.<\/p>\n<p>&nbsp;<\/p>\n<p><strong>Seguran\u00e7a no trabalho \u00e9 responsabilidade de todos!<\/strong> \ud83d\udfe2\ud83d\udee1\ufe0f #AbrilVerde #Seguran\u00e7aNoTrabalho #Sa\u00fadeDoTrabalhador #Diasd\u00c1vila #PoloPetroqu\u00edmico #Clisanna #Preven\u00e7\u00e3o #DireitosTrabalhistas<\/p>\n<h3>Related Images:<\/h3>","protected":false},"excerpt":{"rendered":"<p>Neste 28 de abril, o Brasil marca o Dia Nacional em Mem\u00f3ria das V\u00edtimas de&#8230;<\/p>\n","protected":false},"author":1,"featured_media":52416,"comment_status":"closed","ping_status":"open","sticky":false,"template":"","format":"standard","meta":{"sfsi_plus_gutenberg_text_before_share":"","sfsi_plus_gutenberg_show_text_before_share":"","sfsi_plus_gutenberg_icon_type":"","sfsi_plus_gutenberg_icon_alignemt":"","sfsi_plus_gutenburg_max_per_row":"","_exactmetrics_skip_tracking":false,"_exactmetrics_sitenote_active":false,"_exactmetrics_sitenote_note":"","_exactmetrics_sitenote_category":0,"ngg_post_thumbnail":0,"footnotes":""},"categories":[5],"tags":[],"class_list":["post-52413","post","type-post","status-publish","format-standard","has-post-thumbnail","hentry","category-destaques"],"_links":{"self":[{"href":"https:\/\/www.diasdavilaacontece.com\/index.php?rest_route=\/wp\/v2\/posts\/52413","targetHints":{"allow":["GET"]}}],"collection":[{"href":"https:\/\/www.diasdavilaacontece.com\/index.php?rest_route=\/wp\/v2\/posts"}],"about":[{"href":"https:\/\/www.diasdavilaacontece.com\/index.php?rest_route=\/wp\/v2\/types\/post"}],"author":[{"embeddable":true,"href":"https:\/\/www.diasdavilaacontece.com\/index.php?rest_route=\/wp\/v2\/users\/1"}],"replies":[{"embeddable":true,"href":"https:\/\/www.diasdavilaacontece.com\/index.php?rest_route=%2Fwp%2Fv2%2Fcomments&post=52413"}],"version-history":[{"count":1,"href":"https:\/\/www.diasdavilaacontece.com\/index.php?rest_route=\/wp\/v2\/posts\/52413\/revisions"}],"predecessor-version":[{"id":52414,"href":"https:\/\/www.diasdavilaacontece.com\/index.php?rest_route=\/wp\/v2\/posts\/52413\/revisions\/52414"}],"wp:featuredmedia":[{"embeddable":true,"href":"https:\/\/www.diasdavilaacontece.com\/index.php?rest_route=\/wp\/v2\/media\/52416"}],"wp:attachment":[{"href":"https:\/\/www.diasdavilaacontece.com\/index.php?rest_route=%2Fwp%2Fv2%2Fmedia&parent=52413"}],"wp:term":[{"taxonomy":"category","embeddable":true,"href":"https:\/\/www.diasdavilaacontece.com\/index.php?rest_route=%2Fwp%2Fv2%2Fcategories&post=52413"},{"taxonomy":"post_tag","embeddable":true,"href":"https:\/\/www.diasdavilaacontece.com\/index.php?rest_route=%2Fwp%2Fv2%2Ftags&post=52413"}],"curies":[{"name":"wp","href":"https:\/\/api.w.org\/{rel}","templated":true}]}}