{"id":52417,"date":"2026-04-28T12:09:53","date_gmt":"2026-04-28T12:09:53","guid":{"rendered":"https:\/\/www.diasdavilaacontece.com\/?p=52417"},"modified":"2026-04-28T12:09:53","modified_gmt":"2026-04-28T12:09:53","slug":"professora-imperatriz-se-destaca-na-luta-contra-o-feminicidio-em-dias-davila","status":"publish","type":"post","link":"https:\/\/www.diasdavilaacontece.com\/?p=52417","title":{"rendered":"PROFESSORA IMPERATRIZ SE DESTACA NA LUTA CONTRA O FEMINIC\u00cdDIO EM DIAS D&#8217;\u00c1VILA"},"content":{"rendered":"<p>A <strong>professora e ex-vereadora Maria Imperatriz<\/strong> tem se <strong>destaque na luta contra o feminic\u00eddio<\/strong> em <strong>Dias d\u2019\u00c1vila<\/strong>, ao lado de seu <strong>grupo de apoiadores<\/strong> e da <strong>deputada federal Ivoneide Caetano (PT)<\/strong>. Com <strong>participa\u00e7\u00e3o ativa em eventos de valoriza\u00e7\u00e3o da mulher<\/strong>, Maria tem <strong>levado conscientiza\u00e7\u00e3o e mobiliza\u00e7\u00e3o<\/strong> para combater a viol\u00eancia de g\u00eanero.<\/p>\n<h3><strong>Presen\u00e7a marcante em Cama\u00e7ari e homenagem em Dias d\u2019\u00c1vila<\/strong><\/h3>\n<p>Maria j\u00e1 <strong>participou de a\u00e7\u00f5es em Cama\u00e7ari<\/strong> e, durante evento de <strong>Ivoneide na Feira do Entroncamento<\/strong>, foi <strong>homenageada como representante feminina<\/strong> na cidade. <strong>&#8220;Lutar contra o feminic\u00eddio \u00e9 lutar pela vida de todas n\u00f3s!&#8221;<\/strong>, afirmou.<\/p>\n<h3><strong>A import\u00e2ncia da uni\u00e3o feminina (e masculina) nesta causa<\/strong><\/h3>\n<p>A <strong>redu\u00e7\u00e3o da viol\u00eancia contra a mulher<\/strong> depende da <strong>uni\u00e3o de todas as mulheres<\/strong> \u2014 e tamb\u00e9m do <strong>apoio dos homens<\/strong> nesta luta. <strong>&#8220;Precisamos de uma sociedade que respeite e proteja. Juntos, podemos salvar vidas!&#8221;<\/strong>, refor\u00e7ou Maria.<\/p>\n<p>&nbsp;<\/p>\n<p><strong>Junte-se a esta luta!<\/strong> \ud83d\udc9c\u270a #MariaImperatriz #IvoneideCaetano #Feminic\u00eddio #MulheresUnidas #Diasd\u00c1vila #Viol\u00eanciaContraAMulher #Respeito #Justi\u00e7a<\/p>\n<h3>Related Images:<\/h3>","protected":false},"excerpt":{"rendered":"<p>A professora e ex-vereadora Maria Imperatriz tem se destaque na luta contra o feminic\u00eddio em&#8230;<\/p>\n","protected":false},"author":1,"featured_media":52254,"comment_status":"closed","ping_status":"open","sticky":false,"template":"","format":"standard","meta":{"sfsi_plus_gutenberg_text_before_share":"","sfsi_plus_gutenberg_show_text_before_share":"","sfsi_plus_gutenberg_icon_type":"","sfsi_plus_gutenberg_icon_alignemt":"","sfsi_plus_gutenburg_max_per_row":"","_exactmetrics_skip_tracking":false,"_exactmetrics_sitenote_active":false,"_exactmetrics_sitenote_note":"","_exactmetrics_sitenote_category":0,"ngg_post_thumbnail":0,"footnotes":""},"categories":[5],"tags":[],"class_list":["post-52417","post","type-post","status-publish","format-standard","has-post-thumbnail","hentry","category-destaques"],"_links":{"self":[{"href":"https:\/\/www.diasdavilaacontece.com\/index.php?rest_route=\/wp\/v2\/posts\/52417","targetHints":{"allow":["GET"]}}],"collection":[{"href":"https:\/\/www.diasdavilaacontece.com\/index.php?rest_route=\/wp\/v2\/posts"}],"about":[{"href":"https:\/\/www.diasdavilaacontece.com\/index.php?rest_route=\/wp\/v2\/types\/post"}],"author":[{"embeddable":true,"href":"https:\/\/www.diasdavilaacontece.com\/index.php?rest_route=\/wp\/v2\/users\/1"}],"replies":[{"embeddable":true,"href":"https:\/\/www.diasdavilaacontece.com\/index.php?rest_route=%2Fwp%2Fv2%2Fcomments&post=52417"}],"version-history":[{"count":2,"href":"https:\/\/www.diasdavilaacontece.com\/index.php?rest_route=\/wp\/v2\/posts\/52417\/revisions"}],"predecessor-version":[{"id":52429,"href":"https:\/\/www.diasdavilaacontece.com\/index.php?rest_route=\/wp\/v2\/posts\/52417\/revisions\/52429"}],"wp:featuredmedia":[{"embeddable":true,"href":"https:\/\/www.diasdavilaacontece.com\/index.php?rest_route=\/wp\/v2\/media\/52254"}],"wp:attachment":[{"href":"https:\/\/www.diasdavilaacontece.com\/index.php?rest_route=%2Fwp%2Fv2%2Fmedia&parent=52417"}],"wp:term":[{"taxonomy":"category","embeddable":true,"href":"https:\/\/www.diasdavilaacontece.com\/index.php?rest_route=%2Fwp%2Fv2%2Fcategories&post=52417"},{"taxonomy":"post_tag","embeddable":true,"href":"https:\/\/www.diasdavilaacontece.com\/index.php?rest_route=%2Fwp%2Fv2%2Ftags&post=52417"}],"curies":[{"name":"wp","href":"https:\/\/api.w.org\/{rel}","templated":true}]}}