{"id":52420,"date":"2026-04-28T13:02:06","date_gmt":"2026-04-28T13:02:06","guid":{"rendered":"https:\/\/www.diasdavilaacontece.com\/?p=52420"},"modified":"2026-04-28T13:02:06","modified_gmt":"2026-04-28T13:02:06","slug":"neuropsicopedagoga-edinair-queiroz-lanca-oficina-de-estimulacao-cognitiva-para-idosos-em-dias-davila","status":"publish","type":"post","link":"https:\/\/www.diasdavilaacontece.com\/?p=52420","title":{"rendered":"NEUROPSICOPEDAGOGA EDINAIR QUEIROZ LAN\u00c7A OFICINA DE ESTIMULA\u00c7\u00c3O COGNITIVA PARA IDOSOS EM DIAS D&#8217;\u00c1VILA"},"content":{"rendered":"<p>A <strong>neuropsicopedagoga Edinair Queiroz<\/strong>, do <strong>Aprimore Espa\u00e7o Multifuncional<\/strong> (Centro de Dias d\u2019\u00c1vila), anuncia a realiza\u00e7\u00e3o de uma <strong>Oficina de Estimula\u00e7\u00e3o Cognitiva<\/strong> voltada para <strong>idosos e cuidadores<\/strong>. O encontro tem como objetivo <strong>estimular a mem\u00f3ria, promover intera\u00e7\u00e3o social e desenvolver atividades cognitivas<\/strong>, contribuindo para um <strong>envelhecimento mais saud\u00e1vel e ativo<\/strong>.<\/p>\n<p>Edinair explica que, embora o <strong>envelhecimento seja um processo natural e inevit\u00e1vel<\/strong>, ele <strong>n\u00e3o precisa resultar em perda das capacidades cognitivas<\/strong>. No entanto, muitos idosos enfrentam <strong>altera\u00e7\u00f5es na mem\u00f3ria, aten\u00e7\u00e3o, linguagem e racioc\u00ednio<\/strong>, que podem <strong>comprometer sua qualidade de vida<\/strong>.<\/p>\n<p><strong>&#8220;Com a estimula\u00e7\u00e3o adequada, \u00e9 poss\u00edvel manter o c\u00e9rebro ativo, melhorar a mem\u00f3ria e at\u00e9 prevenir decl\u00ednios cognitivos. Nosso objetivo \u00e9 oferecer ferramentas para que os idosos possam envelhecer com mais autonomia e bem-estar!&#8221;<\/strong>, destaca a especialista.<\/p>\n<p>A oficina ser\u00e1 um <strong>ambiente acolhedor e din\u00e2mico<\/strong>, onde os participantes poder\u00e3o:<br \/>\n\u2705 <strong>Exercitar a mem\u00f3ria<\/strong> com atividades espec\u00edficas;<br \/>\n\u2705 <strong>Desenvolver a aten\u00e7\u00e3o e o racioc\u00ednio<\/strong> por meio de jogos e din\u00e2micas;<br \/>\n\u2705 <strong>Promover a intera\u00e7\u00e3o social<\/strong>, combatendo o isolamento;<br \/>\n\u2705 <strong>Receber orienta\u00e7\u00f5es<\/strong> para cuidadores e familiares.<\/p>\n<p><strong>&#8220;Este encontro \u00e9 importante n\u00e3o s\u00f3 para os idosos, mas tamb\u00e9m para quem cuida deles. Queremos empoderar as fam\u00edlias com conhecimentos e pr\u00e1ticas que fa\u00e7am a diferen\u00e7a no dia a dia!&#8221;<\/strong>, afirma Edinair.<\/p>\n<p>Iniciativas como esta s\u00e3o <strong>fundamentais<\/strong> para <strong>melhorar a qualidade de vida dos idosos<\/strong> e <strong>capacitar seus cuidadores<\/strong>, garantindo que eles recebam <strong>aten\u00e7\u00e3o e est\u00edmulos adequados<\/strong>. <strong>&#8220;Cuidar da sa\u00fade cognitiva \u00e9 t\u00e3o importante quanto cuidar da sa\u00fade f\u00edsica. Vamos juntos construir um envelhecimento mais saud\u00e1vel e feliz!&#8221;<\/strong>, refor\u00e7a a neuropsicopedagoga.<\/p>\n<p><a href=\"https:\/\/www.diasdavilaacontece.com\/wp-content\/uploads\/2026\/04\/683877724_26939333469023415_6111776540066485521_n.jpg\"><img loading=\"lazy\" decoding=\"async\" class=\"alignnone size-medium wp-image-52422\" src=\"https:\/\/www.diasdavilaacontece.com\/wp-content\/uploads\/2026\/04\/683877724_26939333469023415_6111776540066485521_n-300x200.jpg\" alt=\"\" width=\"300\" height=\"200\" srcset=\"https:\/\/www.diasdavilaacontece.com\/wp-content\/uploads\/2026\/04\/683877724_26939333469023415_6111776540066485521_n-300x200.jpg 300w, https:\/\/www.diasdavilaacontece.com\/wp-content\/uploads\/2026\/04\/683877724_26939333469023415_6111776540066485521_n-1024x682.jpg 1024w, https:\/\/www.diasdavilaacontece.com\/wp-content\/uploads\/2026\/04\/683877724_26939333469023415_6111776540066485521_n-768x512.jpg 768w, https:\/\/www.diasdavilaacontece.com\/wp-content\/uploads\/2026\/04\/683877724_26939333469023415_6111776540066485521_n.jpg 1280w\" sizes=\"auto, (max-width: 300px) 100vw, 300px\" \/><\/a><\/p>\n<p><strong>Interessados podem entrar em contato pelo telefone: (71) 9 8795-4955.<\/strong><br \/>\n<strong>Vagas limitadas!<\/strong> N\u00e3o perca essa oportunidade de cuidar da mente e do cora\u00e7\u00e3o. \ud83e\udde0\ud83d\udc99<\/p>\n<p>#Estimula\u00e7\u00e3oCognitiva #Idosos #Sa\u00fadeMental #Aprimore #Diasd\u00c1vila #Neuropsicopedagogia #EnvelhecimentoAtivo #Mem\u00f3ria #Cuidadores #QualidadeDeVida<\/p>\n<h3>Related Images:<\/h3>","protected":false},"excerpt":{"rendered":"<p>A neuropsicopedagoga Edinair Queiroz, do Aprimore Espa\u00e7o Multifuncional (Centro de Dias d\u2019\u00c1vila), anuncia a realiza\u00e7\u00e3o&#8230;<\/p>\n","protected":false},"author":1,"featured_media":52421,"comment_status":"closed","ping_status":"open","sticky":false,"template":"","format":"standard","meta":{"sfsi_plus_gutenberg_text_before_share":"","sfsi_plus_gutenberg_show_text_before_share":"","sfsi_plus_gutenberg_icon_type":"","sfsi_plus_gutenberg_icon_alignemt":"","sfsi_plus_gutenburg_max_per_row":"","_exactmetrics_skip_tracking":false,"_exactmetrics_sitenote_active":false,"_exactmetrics_sitenote_note":"","_exactmetrics_sitenote_category":0,"ngg_post_thumbnail":0,"footnotes":""},"categories":[5],"tags":[],"class_list":["post-52420","post","type-post","status-publish","format-standard","has-post-thumbnail","hentry","category-destaques"],"_links":{"self":[{"href":"https:\/\/www.diasdavilaacontece.com\/index.php?rest_route=\/wp\/v2\/posts\/52420","targetHints":{"allow":["GET"]}}],"collection":[{"href":"https:\/\/www.diasdavilaacontece.com\/index.php?rest_route=\/wp\/v2\/posts"}],"about":[{"href":"https:\/\/www.diasdavilaacontece.com\/index.php?rest_route=\/wp\/v2\/types\/post"}],"author":[{"embeddable":true,"href":"https:\/\/www.diasdavilaacontece.com\/index.php?rest_route=\/wp\/v2\/users\/1"}],"replies":[{"embeddable":true,"href":"https:\/\/www.diasdavilaacontece.com\/index.php?rest_route=%2Fwp%2Fv2%2Fcomments&post=52420"}],"version-history":[{"count":1,"href":"https:\/\/www.diasdavilaacontece.com\/index.php?rest_route=\/wp\/v2\/posts\/52420\/revisions"}],"predecessor-version":[{"id":52423,"href":"https:\/\/www.diasdavilaacontece.com\/index.php?rest_route=\/wp\/v2\/posts\/52420\/revisions\/52423"}],"wp:featuredmedia":[{"embeddable":true,"href":"https:\/\/www.diasdavilaacontece.com\/index.php?rest_route=\/wp\/v2\/media\/52421"}],"wp:attachment":[{"href":"https:\/\/www.diasdavilaacontece.com\/index.php?rest_route=%2Fwp%2Fv2%2Fmedia&parent=52420"}],"wp:term":[{"taxonomy":"category","embeddable":true,"href":"https:\/\/www.diasdavilaacontece.com\/index.php?rest_route=%2Fwp%2Fv2%2Fcategories&post=52420"},{"taxonomy":"post_tag","embeddable":true,"href":"https:\/\/www.diasdavilaacontece.com\/index.php?rest_route=%2Fwp%2Fv2%2Ftags&post=52420"}],"curies":[{"name":"wp","href":"https:\/\/api.w.org\/{rel}","templated":true}]}}