{"id":52424,"date":"2026-04-28T13:28:02","date_gmt":"2026-04-28T13:28:02","guid":{"rendered":"https:\/\/www.diasdavilaacontece.com\/?p=52424"},"modified":"2026-04-28T13:28:02","modified_gmt":"2026-04-28T13:28:02","slug":"escritora-rute-roberta-lanca-livro-de-poesia-rota-e-raiz-em-dias-davila-no-dia-9-de-maio","status":"publish","type":"post","link":"https:\/\/www.diasdavilaacontece.com\/?p=52424","title":{"rendered":"ESCRITORA RUTE ROBERTA LAN\u00c7A LIVRO DE POESIA &#8216;ROTA E RAIZ&#8217; EM DIAS D&#8217;\u00c1VILA NO DIA 9 DE MAIO"},"content":{"rendered":"<p>A <strong>escritora e poetisa Rute Roberta<\/strong> convida toda a comunidade de Dias d\u2019\u00c1vila para o lan\u00e7amento do seu novo livro, &#8220;Rota e Raiz&#8221;, no dia 9 de maio, \u00e0s 19h, no Teatro C\u00e9u das Artes (Rua Milton Dias, Varginha, ao lado do campo de futebol local). O evento promete ser um momento especial de celebra\u00e7\u00e3o da literatura e da cultura diasdavilense, reunindo amigos, escritores, leitores e a comunidade em geral.<\/p>\n<p>&#8220;Rota e Raiz&#8221; \u00e9 o segundo livro de Rute Roberta, que j\u00e1 encantou o p\u00fablico com &#8220;De Ponta-Cabe\u00e7a&#8221;. Desta vez, a escritora promete trazer uma narrativa ainda mais profunda e po\u00e9tica, explorando ra\u00edzes, mem\u00f3rias e identidades que dialogam com a hist\u00f3ria e a alma.<\/p>\n<ul>\n<li>&#8220;Este livro \u00e9 um convite para refletirmos sobre nossas origens e os caminhos que trilhamos. Quero compartilhar essa jornada com todos voc\u00eas!&#8221;, afirma Rute.<\/li>\n<\/ul>\n<p>O livro foi lan\u00e7ado em primeira m\u00e3o na Bienal do Livro da Bahia, um dos maiores eventos liter\u00e1rios do estado, realizado pelo governo estadual neste m\u00eas. Agora, Rute Roberta traz a obra para sua cidade que vive, refor\u00e7ando o orgulho e o potencial cultural de Dias d\u2019\u00c1vila.<\/p>\n<ul>\n<li>&#8220;Levar nossa cultura para a Bienal foi um marco, mas lan\u00e7ar aqui, em casa, \u00e9 ainda mais especial&#8221;, destaca a escritora.<\/li>\n<\/ul>\n<p>Rute Roberta \u00e9 uma das vozes liter\u00e1rias mais expressivas de Dias d\u2019\u00c1vila, contribuindo para colocar a cidade no mapa cultural da Bahia. Seu trabalho inspira novos escritores e fortalece a identidade local, mostrando que a arte e a literatura s\u00e3o ferramentas poderosas de transforma\u00e7\u00e3o social.<\/p>\n<p>O lan\u00e7amento de <strong>&#8220;Rota e Raiz&#8221;<\/strong> \u00e9 aberto a todos e promete ser uma noite de poesia, prosa e muita emo\u00e7\u00e3o. &#8220;Conto com a presen\u00e7a de cada um para fortalecermos juntos a cultura de Dias d\u2019\u00c1vila. Vamos fazer hist\u00f3ria!&#8221;, convida Rute.<\/p>\n<p>&nbsp;<\/p>\n<p><strong>N\u00e3o perca!<\/strong> \ud83d\udcc5 <strong>9 de maio<\/strong> | \u23f0 <strong>19h<\/strong> | \ud83d\udccd <strong>Teatro C\u00e9u das Artes (Rua Milton Dias, Varginha)<\/strong><br \/>\n<strong>Celebre a literatura e a cultura diasdavilense!<\/strong> \ud83d\udcda\ud83d\udc99<\/p>\n<p>#RuteRoberta #Lan\u00e7amentoDeLivro #RotaERaiz #Diasd\u00c1vila #Cultura #Literatura #BienalDoLivro #TeatroC\u00e9uDasArtes #Poesia #EscritoresDaBahia<\/p>\n<h3>Related Images:<\/h3>","protected":false},"excerpt":{"rendered":"<p>A escritora e poetisa Rute Roberta convida toda a comunidade de Dias d\u2019\u00c1vila para o&#8230;<\/p>\n","protected":false},"author":1,"featured_media":52425,"comment_status":"closed","ping_status":"open","sticky":false,"template":"","format":"standard","meta":{"sfsi_plus_gutenberg_text_before_share":"","sfsi_plus_gutenberg_show_text_before_share":"","sfsi_plus_gutenberg_icon_type":"","sfsi_plus_gutenberg_icon_alignemt":"","sfsi_plus_gutenburg_max_per_row":"","_exactmetrics_skip_tracking":false,"_exactmetrics_sitenote_active":false,"_exactmetrics_sitenote_note":"","_exactmetrics_sitenote_category":0,"ngg_post_thumbnail":0,"footnotes":""},"categories":[5],"tags":[],"class_list":["post-52424","post","type-post","status-publish","format-standard","has-post-thumbnail","hentry","category-destaques"],"_links":{"self":[{"href":"https:\/\/www.diasdavilaacontece.com\/index.php?rest_route=\/wp\/v2\/posts\/52424","targetHints":{"allow":["GET"]}}],"collection":[{"href":"https:\/\/www.diasdavilaacontece.com\/index.php?rest_route=\/wp\/v2\/posts"}],"about":[{"href":"https:\/\/www.diasdavilaacontece.com\/index.php?rest_route=\/wp\/v2\/types\/post"}],"author":[{"embeddable":true,"href":"https:\/\/www.diasdavilaacontece.com\/index.php?rest_route=\/wp\/v2\/users\/1"}],"replies":[{"embeddable":true,"href":"https:\/\/www.diasdavilaacontece.com\/index.php?rest_route=%2Fwp%2Fv2%2Fcomments&post=52424"}],"version-history":[{"count":1,"href":"https:\/\/www.diasdavilaacontece.com\/index.php?rest_route=\/wp\/v2\/posts\/52424\/revisions"}],"predecessor-version":[{"id":52426,"href":"https:\/\/www.diasdavilaacontece.com\/index.php?rest_route=\/wp\/v2\/posts\/52424\/revisions\/52426"}],"wp:featuredmedia":[{"embeddable":true,"href":"https:\/\/www.diasdavilaacontece.com\/index.php?rest_route=\/wp\/v2\/media\/52425"}],"wp:attachment":[{"href":"https:\/\/www.diasdavilaacontece.com\/index.php?rest_route=%2Fwp%2Fv2%2Fmedia&parent=52424"}],"wp:term":[{"taxonomy":"category","embeddable":true,"href":"https:\/\/www.diasdavilaacontece.com\/index.php?rest_route=%2Fwp%2Fv2%2Fcategories&post=52424"},{"taxonomy":"post_tag","embeddable":true,"href":"https:\/\/www.diasdavilaacontece.com\/index.php?rest_route=%2Fwp%2Fv2%2Ftags&post=52424"}],"curies":[{"name":"wp","href":"https:\/\/api.w.org\/{rel}","templated":true}]}}