{"id":52430,"date":"2026-04-29T11:17:13","date_gmt":"2026-04-29T11:17:13","guid":{"rendered":"https:\/\/www.diasdavilaacontece.com\/?p=52430"},"modified":"2026-04-29T11:17:13","modified_gmt":"2026-04-29T11:17:13","slug":"estudante-e-baleado-e-morre-na-porta-da-escola-em-feira-de-santana-por-nao-fazer-sinais-de-faccoes","status":"publish","type":"post","link":"https:\/\/www.diasdavilaacontece.com\/?p=52430","title":{"rendered":"ESTUDANTE \u00c9 BALEADO E MORRE NA PORTA DA ESCOLA EM FEIRA DE SANTANA POR N\u00c3O FAZER SINAIS DE FAC\u00c7\u00d5ES"},"content":{"rendered":"<p>Um adolescente de 15 anos, identificado como Daniel,<strong> foi assassinado a tiros na manh\u00e3 n<\/strong>a ter\u00e7a-feira (28), no bairro Sobradinho, em&nbsp;<strong>Feira de Santana<\/strong> no momento em que a v\u00edtima e um colega de sala sa\u00edam do Col\u00e9gio Estadual Assis Chateaubriand. Segundo informa\u00e7\u00f5es, as v\u00edtimas foram surpreendidas por quatro homens armados que estavam a p\u00e9 e os mesmos teriam abordados os jovens com perguntas sobre fac\u00e7\u00f5es criminosas e exigido que fizessem sinais com as m\u00e3os antes de efetuarem os disparos.<\/p>\n<p>\u201cEles foram surpreendidos por alguns indiv\u00edduos, que os interpelaram perguntando a respeito de fac\u00e7\u00e3o criminosa, mandando que fizessem sinais e, ap\u00f3s isso, um deles atirou contra esses rapazes\u201d, detalha a delegada que cuida do caso.<\/p>\n<p>Daniel foi atingido em frente \u00e0 institui\u00e7\u00e3o de ensino e mesmo estando baleado tentou fugir pela Avenida Amaralina e buscou abrigo no interior de um estabelecimento comercial, mas n\u00e3o resistiu aos ferimentos e morreu no local. O segundo adolescente, tamb\u00e9m de 15 anos, foi atingido no pesco\u00e7o. Ele foi socorrido inicialmente para a Policl\u00ednica do George Am\u00e9rico e, posteriormente, transferido para o Hospital Estadual da Crian\u00e7a (HEC). Segundo as autoridades, o jovem permanece l\u00facido, est\u00e1vel e n\u00e3o corre risco de morte. As duas v\u00edtimas eram moradoras do bairro George Am\u00e9rico e cursavam o 9\u00ba ano na mesma sala.<\/p>\n<p>A Pol\u00edcia Civil informou que os suspeitos fugiram pela Rua Landulfo Alves em dire\u00e7\u00e3o \u00e0 Rua Volunt\u00e1rios da P\u00e1tria.<\/p>\n<p>&#8220;Provavelmente, os suspeitos j\u00e1 estavam no aguardo desses jovens&#8221;, conta a delegada Gabriela, acrescentando que a pol\u00edcia j\u00e1 realiza dilig\u00eancias para localizar os autores. O Departamento de Pol\u00edcia T\u00e9cnica (DPT) realizou o levantamento cadav\u00e9rico e o caso segue sob investiga\u00e7\u00e3o da Delegacia de Homic\u00eddios.<\/p>\n<h3>Related Images:<\/h3>","protected":false},"excerpt":{"rendered":"<p>Um adolescente de 15 anos, identificado como Daniel, foi assassinado a tiros na manh\u00e3 na&#8230;<\/p>\n","protected":false},"author":1,"featured_media":52431,"comment_status":"closed","ping_status":"open","sticky":false,"template":"","format":"standard","meta":{"sfsi_plus_gutenberg_text_before_share":"","sfsi_plus_gutenberg_show_text_before_share":"","sfsi_plus_gutenberg_icon_type":"","sfsi_plus_gutenberg_icon_alignemt":"","sfsi_plus_gutenburg_max_per_row":"","_exactmetrics_skip_tracking":false,"_exactmetrics_sitenote_active":false,"_exactmetrics_sitenote_note":"","_exactmetrics_sitenote_category":0,"ngg_post_thumbnail":0,"footnotes":""},"categories":[5],"tags":[],"class_list":["post-52430","post","type-post","status-publish","format-standard","has-post-thumbnail","hentry","category-destaques"],"_links":{"self":[{"href":"https:\/\/www.diasdavilaacontece.com\/index.php?rest_route=\/wp\/v2\/posts\/52430","targetHints":{"allow":["GET"]}}],"collection":[{"href":"https:\/\/www.diasdavilaacontece.com\/index.php?rest_route=\/wp\/v2\/posts"}],"about":[{"href":"https:\/\/www.diasdavilaacontece.com\/index.php?rest_route=\/wp\/v2\/types\/post"}],"author":[{"embeddable":true,"href":"https:\/\/www.diasdavilaacontece.com\/index.php?rest_route=\/wp\/v2\/users\/1"}],"replies":[{"embeddable":true,"href":"https:\/\/www.diasdavilaacontece.com\/index.php?rest_route=%2Fwp%2Fv2%2Fcomments&post=52430"}],"version-history":[{"count":1,"href":"https:\/\/www.diasdavilaacontece.com\/index.php?rest_route=\/wp\/v2\/posts\/52430\/revisions"}],"predecessor-version":[{"id":52432,"href":"https:\/\/www.diasdavilaacontece.com\/index.php?rest_route=\/wp\/v2\/posts\/52430\/revisions\/52432"}],"wp:featuredmedia":[{"embeddable":true,"href":"https:\/\/www.diasdavilaacontece.com\/index.php?rest_route=\/wp\/v2\/media\/52431"}],"wp:attachment":[{"href":"https:\/\/www.diasdavilaacontece.com\/index.php?rest_route=%2Fwp%2Fv2%2Fmedia&parent=52430"}],"wp:term":[{"taxonomy":"category","embeddable":true,"href":"https:\/\/www.diasdavilaacontece.com\/index.php?rest_route=%2Fwp%2Fv2%2Fcategories&post=52430"},{"taxonomy":"post_tag","embeddable":true,"href":"https:\/\/www.diasdavilaacontece.com\/index.php?rest_route=%2Fwp%2Fv2%2Ftags&post=52430"}],"curies":[{"name":"wp","href":"https:\/\/api.w.org\/{rel}","templated":true}]}}