{"id":52436,"date":"2026-04-29T12:18:21","date_gmt":"2026-04-29T12:18:21","guid":{"rendered":"https:\/\/www.diasdavilaacontece.com\/?p=52436"},"modified":"2026-04-29T12:18:21","modified_gmt":"2026-04-29T12:18:21","slug":"seguranca-publica-foi-o-tema-do-encontro-entre-mp-ba-e-prefeitos-da-bahia","status":"publish","type":"post","link":"https:\/\/www.diasdavilaacontece.com\/?p=52436","title":{"rendered":"SEGURAN\u00c7A P\u00daBLICA FOI O TEMA DO ENCONTRO ENTRE MP-BA E PREFEITOS DA BAHIA"},"content":{"rendered":"<p>O MPBA &#8211; Minist\u00e9rio P\u00fablico do Estado da Bahia realizou na ter\u00e7a-feira, 28, o primeiro <strong>Encontro Estadual do projeto \u2018Munic\u00edpio Seguro\u2019<\/strong>, consolidando uma importante alian\u00e7a entre as institui\u00e7\u00f5es de Justi\u00e7a e o poder executivo municipal. O evento reuniu representantes de mais de 100 munic\u00edpios baianos e resultou na entrega do selo<strong> \u201cCompromisso por um Munic\u00edpio Seguro\u201d<\/strong> a 72 prefeitos que j\u00e1 formalizaram a ades\u00e3o \u00e0 iniciativa.<\/p>\n<p>O projeto busca estruturar sistemas locais de seguran\u00e7a, com a cria\u00e7\u00e3o de conselhos, planos e fundos municipais, integrando as cidades ao Sistema \u00danico de Seguran\u00e7a P\u00fablica (Susp). A iniciativa prop\u00f5e uma virada na forma como as cidades lidam com a criminalidade. Em vez de focar exclusivamente em a\u00e7\u00f5es repressivas, o &#8216;Munic\u00edpio Seguro&#8217; estimula os gestores a investirem em pol\u00edticas p\u00fablicas que ataquem as causas da viol\u00eancia, como a redu\u00e7\u00e3o de desigualdades.<\/p>\n<p>O presidente da Uni\u00e3o dos Prefeitos da Bahia (UPB), Wilson Cardoso, ressaltou que a seguran\u00e7a \u00e9 um tema que &#8220;tira o sono dos prefeitos&#8221; e que a uni\u00e3o institucional \u00e9 o \u00fanico caminho para resultados efetivos. O secret\u00e1rio estadual de Justi\u00e7a e Direitos Humanos, Felipe Freitas, refor\u00e7ou que problemas complexos exigem solu\u00e7\u00f5es baseadas em evid\u00eancias e di\u00e1logo.<\/p>\n<p>O projeto Munic\u00edpio Seguro est\u00e1 em andamento em 373 munic\u00edpios baianos, sendo que em 70 deles os gestores formalizaram a ades\u00e3o e assumiram o compromisso de implementar os instrumentos previstos na Lei n\u00ba 13.675\/2018. A iniciativa visa sensibilizar gestores e orientar a ado\u00e7\u00e3o de instrumentos previstos na Lei n\u00ba 13.675\/2018, que instituiu o Sistema \u00danico de Seguran\u00e7a P\u00fablica (Susp) e o Sistema Nacional de Informa\u00e7\u00f5es de Seguran\u00e7a P\u00fablica (Sinesp), refor\u00e7ando o papel estrat\u00e9gico dos munic\u00edpios na constru\u00e7\u00e3o de a\u00e7\u00f5es integradas de preven\u00e7\u00e3o e enfrentamento \u00e0 viol\u00eancia.<\/p>\n<p>Com o uso de diagn\u00f3sticos locais, o projeto espera identificar os principais gargalos da seguran\u00e7a em cada regi\u00e3o e direcionar recursos de forma mais eficiente.<\/p>\n<h3>Related Images:<\/h3>","protected":false},"excerpt":{"rendered":"<p>O MPBA &#8211; Minist\u00e9rio P\u00fablico do Estado da Bahia realizou na ter\u00e7a-feira, 28, o primeiro&#8230;<\/p>\n","protected":false},"author":1,"featured_media":52437,"comment_status":"closed","ping_status":"open","sticky":false,"template":"","format":"standard","meta":{"sfsi_plus_gutenberg_text_before_share":"","sfsi_plus_gutenberg_show_text_before_share":"","sfsi_plus_gutenberg_icon_type":"","sfsi_plus_gutenberg_icon_alignemt":"","sfsi_plus_gutenburg_max_per_row":"","_exactmetrics_skip_tracking":false,"_exactmetrics_sitenote_active":false,"_exactmetrics_sitenote_note":"","_exactmetrics_sitenote_category":0,"ngg_post_thumbnail":0,"footnotes":""},"categories":[115],"tags":[],"class_list":["post-52436","post","type-post","status-publish","format-standard","has-post-thumbnail","hentry","category-acontece"],"_links":{"self":[{"href":"https:\/\/www.diasdavilaacontece.com\/index.php?rest_route=\/wp\/v2\/posts\/52436","targetHints":{"allow":["GET"]}}],"collection":[{"href":"https:\/\/www.diasdavilaacontece.com\/index.php?rest_route=\/wp\/v2\/posts"}],"about":[{"href":"https:\/\/www.diasdavilaacontece.com\/index.php?rest_route=\/wp\/v2\/types\/post"}],"author":[{"embeddable":true,"href":"https:\/\/www.diasdavilaacontece.com\/index.php?rest_route=\/wp\/v2\/users\/1"}],"replies":[{"embeddable":true,"href":"https:\/\/www.diasdavilaacontece.com\/index.php?rest_route=%2Fwp%2Fv2%2Fcomments&post=52436"}],"version-history":[{"count":1,"href":"https:\/\/www.diasdavilaacontece.com\/index.php?rest_route=\/wp\/v2\/posts\/52436\/revisions"}],"predecessor-version":[{"id":52438,"href":"https:\/\/www.diasdavilaacontece.com\/index.php?rest_route=\/wp\/v2\/posts\/52436\/revisions\/52438"}],"wp:featuredmedia":[{"embeddable":true,"href":"https:\/\/www.diasdavilaacontece.com\/index.php?rest_route=\/wp\/v2\/media\/52437"}],"wp:attachment":[{"href":"https:\/\/www.diasdavilaacontece.com\/index.php?rest_route=%2Fwp%2Fv2%2Fmedia&parent=52436"}],"wp:term":[{"taxonomy":"category","embeddable":true,"href":"https:\/\/www.diasdavilaacontece.com\/index.php?rest_route=%2Fwp%2Fv2%2Fcategories&post=52436"},{"taxonomy":"post_tag","embeddable":true,"href":"https:\/\/www.diasdavilaacontece.com\/index.php?rest_route=%2Fwp%2Fv2%2Ftags&post=52436"}],"curies":[{"name":"wp","href":"https:\/\/api.w.org\/{rel}","templated":true}]}}