{"id":52439,"date":"2026-04-29T12:33:11","date_gmt":"2026-04-29T12:33:11","guid":{"rendered":"https:\/\/www.diasdavilaacontece.com\/?p=52439"},"modified":"2026-04-29T12:33:11","modified_gmt":"2026-04-29T12:33:11","slug":"meis-terao-vantagens-pra-comprar-casas-na-bahia","status":"publish","type":"post","link":"https:\/\/www.diasdavilaacontece.com\/?p=52439","title":{"rendered":"MEI&#8217;s TER\u00c3O VANTAGENS PRA COMPRAR CASAS NA BAHIA"},"content":{"rendered":"<p>Comprar um im\u00f3vel pode ficar mais simples para quem \u00e9 MEI&nbsp;ou trabalha por conta pr\u00f3pria na Bahia.&nbsp;Entre os dias 4 e 10 de maio, o <strong>Festival Imobili\u00e1rio da Bahia<\/strong>, que acontecer\u00e1 no Shopping Paralela, re\u00fanir\u00e1, em um s\u00f3 lugar, bancos, construtoras e especialistas para facilitar o acesso ao financiamento, inclusive para quem n\u00e3o tem renda formal. Uma das principais mudan\u00e7as est\u00e1 no p\u00fablico que passa a ser atendido. Profissionais como&nbsp;motoristas de aplicativo, manicures, ambulantes&nbsp;e outros aut\u00f4nomos, que costumam ter dificuldade para conseguir cr\u00e9dito, ganham espa\u00e7o.<\/p>\n<section class=\"atr-ctaWhatsApp\">\n<div>Com movimenta\u00e7\u00e3o banc\u00e1ria comprovada, j\u00e1 \u00e9 poss\u00edvel iniciar o processo apresentando documentos b\u00e1sicos, como RG, comprovante de resid\u00eancia, certid\u00e3o civil e extratos.<\/div>\n<\/section>\n<p>Com renda a partir de R$ 1.950, j\u00e1 \u00e9 poss\u00edvel acessar programas habitacionais que reduzem o valor de entrada e tornam as parcelas mais pr\u00f3ximas da realidade de quem hoje paga aluguel. Em alguns casos, nem \u00e9 necess\u00e1rio apresentar declara\u00e7\u00e3o de Imposto de Renda, e as taxas reduzidas ampliam ainda mais o acesso ao financiamento.<\/p>\n<p>Quem tem renda maior tamb\u00e9m encontra alternativas. O programa&nbsp;Minha Casa Minha Vida&nbsp;contempla rendas de at\u00e9&nbsp;R$ 13 mil, com im\u00f3veis que podem chegar a&nbsp;R$ 600 mil.<\/p>\n<p>O evento re\u00fane op\u00e7\u00f5es para diferentes perfis, com im\u00f3veis a partir de cerca de&nbsp;R$ 192 mil.<\/p>\n<p>H\u00e1 apartamentos com dois quartos e estrutura de lazer, al\u00e9m de casas em condom\u00ednio fechado em cidades como&nbsp;Cama\u00e7ari, Lauro de Freitas e Salvador.<\/p>\n<p>Em algumas situa\u00e7\u00f5es, h\u00e1 benef\u00edcios como&nbsp;isen\u00e7\u00e3o de ITIV&nbsp;e at\u00e9&nbsp;documenta\u00e7\u00e3o gratuita.<\/p>\n<p>Al\u00e9m do financiamento, o evento permite usar o&nbsp;FGTS&nbsp;como entrada e compor renda com outras pessoas para aumentar o poder de compra.<\/p>\n<p>Tamb\u00e9m h\u00e1 atendimento com especialistas, rodadas de negocia\u00e7\u00e3o e visitas a empreendimentos com transporte saindo do local.<\/p>\n<p>O modelo tamb\u00e9m amplia o acesso para mulheres empreendedoras, como&nbsp;cabeleireiras, trancistas e vendedoras aut\u00f4nomas.<\/p>\n<p>Com o registro como MEI e hist\u00f3rico financeiro, esse p\u00fablico consegue iniciar o processo sem depender de carteira assinada.<\/p>\n<h3>Related Images:<\/h3>","protected":false},"excerpt":{"rendered":"<p>Comprar um im\u00f3vel pode ficar mais simples para quem \u00e9 MEI&nbsp;ou trabalha por conta pr\u00f3pria&#8230;<\/p>\n","protected":false},"author":1,"featured_media":52440,"comment_status":"closed","ping_status":"open","sticky":false,"template":"","format":"standard","meta":{"sfsi_plus_gutenberg_text_before_share":"","sfsi_plus_gutenberg_show_text_before_share":"","sfsi_plus_gutenberg_icon_type":"","sfsi_plus_gutenberg_icon_alignemt":"","sfsi_plus_gutenburg_max_per_row":"","_exactmetrics_skip_tracking":false,"_exactmetrics_sitenote_active":false,"_exactmetrics_sitenote_note":"","_exactmetrics_sitenote_category":0,"ngg_post_thumbnail":0,"footnotes":""},"categories":[115],"tags":[],"class_list":["post-52439","post","type-post","status-publish","format-standard","has-post-thumbnail","hentry","category-acontece"],"_links":{"self":[{"href":"https:\/\/www.diasdavilaacontece.com\/index.php?rest_route=\/wp\/v2\/posts\/52439","targetHints":{"allow":["GET"]}}],"collection":[{"href":"https:\/\/www.diasdavilaacontece.com\/index.php?rest_route=\/wp\/v2\/posts"}],"about":[{"href":"https:\/\/www.diasdavilaacontece.com\/index.php?rest_route=\/wp\/v2\/types\/post"}],"author":[{"embeddable":true,"href":"https:\/\/www.diasdavilaacontece.com\/index.php?rest_route=\/wp\/v2\/users\/1"}],"replies":[{"embeddable":true,"href":"https:\/\/www.diasdavilaacontece.com\/index.php?rest_route=%2Fwp%2Fv2%2Fcomments&post=52439"}],"version-history":[{"count":1,"href":"https:\/\/www.diasdavilaacontece.com\/index.php?rest_route=\/wp\/v2\/posts\/52439\/revisions"}],"predecessor-version":[{"id":52441,"href":"https:\/\/www.diasdavilaacontece.com\/index.php?rest_route=\/wp\/v2\/posts\/52439\/revisions\/52441"}],"wp:featuredmedia":[{"embeddable":true,"href":"https:\/\/www.diasdavilaacontece.com\/index.php?rest_route=\/wp\/v2\/media\/52440"}],"wp:attachment":[{"href":"https:\/\/www.diasdavilaacontece.com\/index.php?rest_route=%2Fwp%2Fv2%2Fmedia&parent=52439"}],"wp:term":[{"taxonomy":"category","embeddable":true,"href":"https:\/\/www.diasdavilaacontece.com\/index.php?rest_route=%2Fwp%2Fv2%2Fcategories&post=52439"},{"taxonomy":"post_tag","embeddable":true,"href":"https:\/\/www.diasdavilaacontece.com\/index.php?rest_route=%2Fwp%2Fv2%2Ftags&post=52439"}],"curies":[{"name":"wp","href":"https:\/\/api.w.org\/{rel}","templated":true}]}}