{"id":52443,"date":"2026-04-29T15:09:09","date_gmt":"2026-04-29T15:09:09","guid":{"rendered":"https:\/\/www.diasdavilaacontece.com\/?p=52443"},"modified":"2026-04-29T15:09:09","modified_gmt":"2026-04-29T15:09:09","slug":"jogador-que-tapar-a-boca-para-manifestar-em-jogos-da-copa-do-mundo-serao-punidos-com-cartao-amarelo","status":"publish","type":"post","link":"https:\/\/www.diasdavilaacontece.com\/?p=52443","title":{"rendered":"JOGADOR QUE TAPAR A BOCA PARA MANIFESTAR EM JOGOS DA COPA DO MUNDO SER\u00c3O PUNIDOS COM CART\u00c3O AMARELO"},"content":{"rendered":"<p class=\"continue-read-break\" data-t=\"{&quot;n&quot;:&quot;blueLinks&quot;,&quot;t&quot;:13,&quot;a&quot;:&quot;click&quot;,&quot;b&quot;:76}\">A nova regulamenta\u00e7\u00e3o surge na esteira de uma controv\u00e9rsia que eclodiu em fevereiro, quando o atacante argentino do Benfica, Gianluca Prestianni, foi acusado de proferir ofensas racistas contra o astro brasileiro do Real Madrid, Vin\u00edcius Jr., durante uma partida da Uefa Champions League. Prestianni teria chamado Vin\u00edcius repetidamente de &#8220;macaco&#8221; enquanto cobria a boca. O jogador argentino negou ter proferido ofensas racistas contra o atleta brasileiro e afirmou ter dito &#8220;maric\u00f3n&#8221; (&#8220;bicha&#8221; em espanhol), mas acabou sendo punido com uma suspens\u00e3o de seis jogos, sendo tr\u00eas deles em suspenso, por &#8220;conduta homof\u00f3bica&#8221;.&nbsp;<\/p>\n<p data-t=\"{&quot;n&quot;:&quot;blueLinks&quot;,&quot;t&quot;:13,&quot;a&quot;:&quot;click&quot;,&quot;b&quot;:76}\">Em outra altera\u00e7\u00e3o nas regras a ser implementada na Copa do Mundo, a Fifa informou que tamb\u00e9m ser\u00e1 aplicado o cart\u00e3o vermelho a jogadores que deixarem o campo em protesto contra uma decis\u00e3o da arbitragem.<\/p>\n<p class=\"\" data-t=\"{&quot;n&quot;:&quot;blueLinks&quot;,&quot;t&quot;:13,&quot;a&quot;:&quot;click&quot;,&quot;b&quot;:76}\">A Fifa observou que qualquer equipe que provoque a suspens\u00e3o definitiva de uma partida perder\u00e1 o jogo por W.O.<\/p>\n<p data-t=\"{&quot;n&quot;:&quot;blueLinks&quot;,&quot;t&quot;:13,&quot;a&quot;:&quot;click&quot;,&quot;b&quot;:76}\">A medida \u00e9 tomada ap\u00f3s o caos que ocorreu na final da Copa Africana de Na\u00e7\u00f5es deste ano. Naquela ocasi\u00e3o, os jogadores senegaleses, juntamente com o t\u00e9cnico Pape Thiaw e sua comiss\u00e3o, deixaram o gramado em Rabat ap\u00f3s a marca\u00e7\u00e3o de um p\u00eanalti a favor do Marrocos nos acr\u00e9scimos, que acabou sendo desperdi\u00e7ado pelo atacante Brahim Diaz. Senegal venceu a final por 1 a 0 na prorroga\u00e7\u00e3o, mas teve o t\u00edtulo retirado pela Confedera\u00e7\u00e3o Africana de Futebol (CAF) em uma decis\u00e3o bomb\u00e1stica.<\/p>\n<p data-t=\"{&quot;n&quot;:&quot;blueLinks&quot;,&quot;t&quot;:13,&quot;a&quot;:&quot;click&quot;,&quot;b&quot;:76}\">&nbsp;<\/p>\n<h3>Related Images:<\/h3>","protected":false},"excerpt":{"rendered":"<p>A nova regulamenta\u00e7\u00e3o surge na esteira de uma controv\u00e9rsia que eclodiu em fevereiro, quando o&#8230;<\/p>\n","protected":false},"author":1,"featured_media":52444,"comment_status":"closed","ping_status":"open","sticky":false,"template":"","format":"standard","meta":{"sfsi_plus_gutenberg_text_before_share":"","sfsi_plus_gutenberg_show_text_before_share":"","sfsi_plus_gutenberg_icon_type":"","sfsi_plus_gutenberg_icon_alignemt":"","sfsi_plus_gutenburg_max_per_row":"","_exactmetrics_skip_tracking":false,"_exactmetrics_sitenote_active":false,"_exactmetrics_sitenote_note":"","_exactmetrics_sitenote_category":0,"ngg_post_thumbnail":0,"footnotes":""},"categories":[115],"tags":[],"class_list":["post-52443","post","type-post","status-publish","format-standard","has-post-thumbnail","hentry","category-acontece"],"_links":{"self":[{"href":"https:\/\/www.diasdavilaacontece.com\/index.php?rest_route=\/wp\/v2\/posts\/52443","targetHints":{"allow":["GET"]}}],"collection":[{"href":"https:\/\/www.diasdavilaacontece.com\/index.php?rest_route=\/wp\/v2\/posts"}],"about":[{"href":"https:\/\/www.diasdavilaacontece.com\/index.php?rest_route=\/wp\/v2\/types\/post"}],"author":[{"embeddable":true,"href":"https:\/\/www.diasdavilaacontece.com\/index.php?rest_route=\/wp\/v2\/users\/1"}],"replies":[{"embeddable":true,"href":"https:\/\/www.diasdavilaacontece.com\/index.php?rest_route=%2Fwp%2Fv2%2Fcomments&post=52443"}],"version-history":[{"count":2,"href":"https:\/\/www.diasdavilaacontece.com\/index.php?rest_route=\/wp\/v2\/posts\/52443\/revisions"}],"predecessor-version":[{"id":52447,"href":"https:\/\/www.diasdavilaacontece.com\/index.php?rest_route=\/wp\/v2\/posts\/52443\/revisions\/52447"}],"wp:featuredmedia":[{"embeddable":true,"href":"https:\/\/www.diasdavilaacontece.com\/index.php?rest_route=\/wp\/v2\/media\/52444"}],"wp:attachment":[{"href":"https:\/\/www.diasdavilaacontece.com\/index.php?rest_route=%2Fwp%2Fv2%2Fmedia&parent=52443"}],"wp:term":[{"taxonomy":"category","embeddable":true,"href":"https:\/\/www.diasdavilaacontece.com\/index.php?rest_route=%2Fwp%2Fv2%2Fcategories&post=52443"},{"taxonomy":"post_tag","embeddable":true,"href":"https:\/\/www.diasdavilaacontece.com\/index.php?rest_route=%2Fwp%2Fv2%2Ftags&post=52443"}],"curies":[{"name":"wp","href":"https:\/\/api.w.org\/{rel}","templated":true}]}}