{"id":52448,"date":"2026-04-29T17:17:21","date_gmt":"2026-04-29T17:17:21","guid":{"rendered":"https:\/\/www.diasdavilaacontece.com\/?p=52448"},"modified":"2026-04-29T17:33:06","modified_gmt":"2026-04-29T17:33:06","slug":"deputado-raimundinho-da-jr-desiste-da-reeleicao-para-deputado-em-2026-e-mira-prefeitura-de-dias-davila-em-2028","status":"publish","type":"post","link":"https:\/\/www.diasdavilaacontece.com\/?p=52448","title":{"rendered":"DEPUTADO RAIMUNDINHO DA JR DESISTE DA REELEI\u00c7\u00c3O PARA DEPUTADO EM 2026 E MIRA PREFEITURA DE DIAS D&#8217;\u00c1VILA EM 2028"},"content":{"rendered":"<p>O deputado estadual&nbsp;Raimundinho da JR (PL) decidiu que n\u00e3o vai disputar a reelei\u00e7\u00e3o para a deputado &#8211; nem estadual e nem tentar para federal, o desafio em pauta deve ser disputar a Prefeitura de Dias d&#8217;\u00c1vila, no ano de 2028.<\/p>\n<p>Raimundinho recebeu na elei\u00e7\u00e3o de 2022, 35.188 votos pelo PL, ficando na posi\u00e7\u00e3o de n\u00famero 60 entre os 63 deputados estaduais que acabaram eleitos \u2014 ele ficou \u00e0 frente de Diego Castro (PL), Luciano Ara\u00fajo e Pancadinha. Os dois \u00faltimos foram eleitos pelo Solidariedade. Neste mandato, chegou a ser vice-l\u00edder do governo Jer\u00f4nimo Rodrigues (PT) \u2014 ainda que o partido dele fa\u00e7a oposi\u00e7\u00e3o ao Pal\u00e1cio de Ondina \u2014 foram suficientes como &#8220;experi\u00eancia&#8221; e como bagagem pol\u00edtica para conhecer de perto o trabalho pol\u00edtico e entender mais ainda como funciona a gest\u00e3o p\u00fablica.<\/p>\n<section class=\"atr-ctaWhatsApp\"><\/section>\n<p>Raimundinho da JR defendeu, inclusive, um mandato \u00fanico para o Legislativo, da mesma forma que est\u00e1 previsto para ocorrer no Poder Executivo, conforme a proposta de reforma eleitoral que est\u00e1 em debate em Bras\u00edlia.<\/p>\n<section class=\"table__leia-mais\">\n<div id=\"inlineRelated\" class=\"table__leia-mais-wrapper\">\n<div>&#8220;Eu acho que na pol\u00edtica a gente n\u00e3o precisaria fazer carreira. Dei minha contribui\u00e7\u00e3o e deixo espa\u00e7o para outro. Eu acho que a pol\u00edtica tem que estar se renovando cada dia mais. N\u00e3o \u00e9 voc\u00ea fazer da carreira pol\u00edtica um meio de sobreviv\u00eancia, n\u00e3o. Acho que eu j\u00e1 fiz minha contribui\u00e7\u00e3o, dei minha parte e agora vou buscar novos desafios&#8221;, afirmou ele.<\/div>\n<\/div>\n<\/section>\n<p>Em 2024, Raimundinho tentou a elei\u00e7\u00e3o municipal, em sua primeira tentativa, e recebeu 10.460 votos, mas acabou derrotado por Alberto Castro (PSDB).<\/p>\n<p>&#8220;Eu n\u00e3o vou encerrar minha carreira pol\u00edtica. Eu estou dando uma pausa agora para estar super tranquilo e poder disputar mais uma vez. Mas agora, para deputado, eu n\u00e3o quero mais&#8221;, acrescentou.<\/p>\n<p>&nbsp;<\/p>\n<p>.<\/p>\n<p>Fonte &#8211; ATarde<\/p>\n<h3>Related Images:<\/h3>","protected":false},"excerpt":{"rendered":"<p>O deputado estadual&nbsp;Raimundinho da JR (PL) decidiu que n\u00e3o vai disputar a reelei\u00e7\u00e3o para a&#8230;<\/p>\n","protected":false},"author":1,"featured_media":52449,"comment_status":"closed","ping_status":"open","sticky":false,"template":"","format":"standard","meta":{"sfsi_plus_gutenberg_text_before_share":"","sfsi_plus_gutenberg_show_text_before_share":"","sfsi_plus_gutenberg_icon_type":"","sfsi_plus_gutenberg_icon_alignemt":"","sfsi_plus_gutenburg_max_per_row":"","_exactmetrics_skip_tracking":false,"_exactmetrics_sitenote_active":false,"_exactmetrics_sitenote_note":"","_exactmetrics_sitenote_category":0,"ngg_post_thumbnail":0,"footnotes":""},"categories":[5],"tags":[],"class_list":["post-52448","post","type-post","status-publish","format-standard","has-post-thumbnail","hentry","category-destaques"],"_links":{"self":[{"href":"https:\/\/www.diasdavilaacontece.com\/index.php?rest_route=\/wp\/v2\/posts\/52448","targetHints":{"allow":["GET"]}}],"collection":[{"href":"https:\/\/www.diasdavilaacontece.com\/index.php?rest_route=\/wp\/v2\/posts"}],"about":[{"href":"https:\/\/www.diasdavilaacontece.com\/index.php?rest_route=\/wp\/v2\/types\/post"}],"author":[{"embeddable":true,"href":"https:\/\/www.diasdavilaacontece.com\/index.php?rest_route=\/wp\/v2\/users\/1"}],"replies":[{"embeddable":true,"href":"https:\/\/www.diasdavilaacontece.com\/index.php?rest_route=%2Fwp%2Fv2%2Fcomments&post=52448"}],"version-history":[{"count":2,"href":"https:\/\/www.diasdavilaacontece.com\/index.php?rest_route=\/wp\/v2\/posts\/52448\/revisions"}],"predecessor-version":[{"id":52451,"href":"https:\/\/www.diasdavilaacontece.com\/index.php?rest_route=\/wp\/v2\/posts\/52448\/revisions\/52451"}],"wp:featuredmedia":[{"embeddable":true,"href":"https:\/\/www.diasdavilaacontece.com\/index.php?rest_route=\/wp\/v2\/media\/52449"}],"wp:attachment":[{"href":"https:\/\/www.diasdavilaacontece.com\/index.php?rest_route=%2Fwp%2Fv2%2Fmedia&parent=52448"}],"wp:term":[{"taxonomy":"category","embeddable":true,"href":"https:\/\/www.diasdavilaacontece.com\/index.php?rest_route=%2Fwp%2Fv2%2Fcategories&post=52448"},{"taxonomy":"post_tag","embeddable":true,"href":"https:\/\/www.diasdavilaacontece.com\/index.php?rest_route=%2Fwp%2Fv2%2Ftags&post=52448"}],"curies":[{"name":"wp","href":"https:\/\/api.w.org\/{rel}","templated":true}]}}