{"id":52455,"date":"2026-05-01T22:31:11","date_gmt":"2026-05-01T22:31:11","guid":{"rendered":"https:\/\/www.diasdavilaacontece.com\/?p=52455"},"modified":"2026-05-01T22:31:11","modified_gmt":"2026-05-01T22:31:11","slug":"o-pt-diasdavila-convida-diasdavilenses-para-ato-publico-no-dia-2-de-maio-em-defesa-dos-trabalhadores-e-contra-a-escala-6x1","status":"publish","type":"post","link":"https:\/\/www.diasdavilaacontece.com\/?p=52455","title":{"rendered":"O PT\/DIASDAVILA CONVIDA DIASDAVILENSES PARA ATO  P\u00daBLICO NO DIA 2 DE MAIO EM DEFESA DOS TRABALHADORES E CONTRA A ESCALA 6&#215;1"},"content":{"rendered":"<p>O PT &#8211; Partido dos Trabalhadores de Dias d&#8217;\u00c1vila, convida a todos os diasdavilenses para, no Dia 02 de Maio, S\u00e1bado, a participarem de um Ato P\u00fablico em defesa dos trabalhadores&nbsp; e contra a Escala 6&#215;1, \u00e0s 08:30h, com concentra\u00e7\u00e3o que ocorrer\u00e1 na Casa 13&nbsp; &#8211; que fica na Rua da Mangueira, n\u00ba 188, Centro &#8211;&nbsp; e seguir\u00e1 para Pra\u00e7a da Urbis, Mercado Municipal e Pra\u00e7a ACM.<br \/>\nA milit\u00e3ncia do PT conclama o povo para mostrar que o povo quer dignidade, direito ao descanso e o fim da explora\u00e7\u00e3o no trabalho.<\/p>\n<p>No dia 1\u00ba de maio, a Deputada ivoneide Caetano veio \u00e0 sua rede social lembrar que o pesa sobre o povo brasleiro uma realidade cruel: trabalhar seis dias para descansar apenas um. E, para muitas mulheres, o descanso nem chega, porque depois do trabalho, come\u00e7a outra jornada em casa, com os filhos e a fam\u00edlia.<\/p>\n<p>&#8211; &#8220;A escala 6&#215;1 ainda faz parte da rotina de muita gente no pa\u00eds. Por isso, o presidente Lula enviou ao Congresso Nacional um projeto de lei com urg\u00eancia constitucional para acabar com esse modelo, propondo a redu\u00e7\u00e3o da jornada para 40 horas semanais, sem corte de sal\u00e1rios&#8221; disse a deputada. &#8220;Eu defendo o fim da escala 6&#215;1 e uma jornada mais justa, com mais qualidade de vida, equil\u00edbrio e dignidade para quem trabalha&#8221; &#8211; finalizou<br \/>\n.<br \/>\n\ud83d\udcc5 02.05 (S\u00e1bado)<br \/>\n\ud83d\udd70\ufe0f 08:30h (Concentra\u00e7\u00e3o)<br \/>\n\ud83d\udccd Casa 13 (Rua da Mangueira, n\u00ba 188, Centro, Dias d\u2019\u00c1vila)<\/p>\n<h3>Related Images:<\/h3>","protected":false},"excerpt":{"rendered":"<p>O PT &#8211; Partido dos Trabalhadores de Dias d&#8217;\u00c1vila, convida a todos os diasdavilenses para,&#8230;<\/p>\n","protected":false},"author":1,"featured_media":52456,"comment_status":"closed","ping_status":"open","sticky":false,"template":"","format":"standard","meta":{"sfsi_plus_gutenberg_text_before_share":"","sfsi_plus_gutenberg_show_text_before_share":"","sfsi_plus_gutenberg_icon_type":"","sfsi_plus_gutenberg_icon_alignemt":"","sfsi_plus_gutenburg_max_per_row":"","_exactmetrics_skip_tracking":false,"_exactmetrics_sitenote_active":false,"_exactmetrics_sitenote_note":"","_exactmetrics_sitenote_category":0,"ngg_post_thumbnail":0,"footnotes":""},"categories":[5],"tags":[],"class_list":["post-52455","post","type-post","status-publish","format-standard","has-post-thumbnail","hentry","category-destaques"],"_links":{"self":[{"href":"https:\/\/www.diasdavilaacontece.com\/index.php?rest_route=\/wp\/v2\/posts\/52455","targetHints":{"allow":["GET"]}}],"collection":[{"href":"https:\/\/www.diasdavilaacontece.com\/index.php?rest_route=\/wp\/v2\/posts"}],"about":[{"href":"https:\/\/www.diasdavilaacontece.com\/index.php?rest_route=\/wp\/v2\/types\/post"}],"author":[{"embeddable":true,"href":"https:\/\/www.diasdavilaacontece.com\/index.php?rest_route=\/wp\/v2\/users\/1"}],"replies":[{"embeddable":true,"href":"https:\/\/www.diasdavilaacontece.com\/index.php?rest_route=%2Fwp%2Fv2%2Fcomments&post=52455"}],"version-history":[{"count":1,"href":"https:\/\/www.diasdavilaacontece.com\/index.php?rest_route=\/wp\/v2\/posts\/52455\/revisions"}],"predecessor-version":[{"id":52457,"href":"https:\/\/www.diasdavilaacontece.com\/index.php?rest_route=\/wp\/v2\/posts\/52455\/revisions\/52457"}],"wp:featuredmedia":[{"embeddable":true,"href":"https:\/\/www.diasdavilaacontece.com\/index.php?rest_route=\/wp\/v2\/media\/52456"}],"wp:attachment":[{"href":"https:\/\/www.diasdavilaacontece.com\/index.php?rest_route=%2Fwp%2Fv2%2Fmedia&parent=52455"}],"wp:term":[{"taxonomy":"category","embeddable":true,"href":"https:\/\/www.diasdavilaacontece.com\/index.php?rest_route=%2Fwp%2Fv2%2Fcategories&post=52455"},{"taxonomy":"post_tag","embeddable":true,"href":"https:\/\/www.diasdavilaacontece.com\/index.php?rest_route=%2Fwp%2Fv2%2Ftags&post=52455"}],"curies":[{"name":"wp","href":"https:\/\/api.w.org\/{rel}","templated":true}]}}