{"id":8789,"date":"2017-01-27T12:06:58","date_gmt":"2017-01-27T12:06:58","guid":{"rendered":"http:\/\/www.diasdavilaacontece.com\/?p=8789"},"modified":"2017-01-27T12:06:58","modified_gmt":"2017-01-27T12:06:58","slug":"pezao-fecha-acordo-com-governo-federal-que-preve-emprestimo-de-r-65-bilhoes-ao-rj","status":"publish","type":"post","link":"https:\/\/www.diasdavilaacontece.com\/?p=8789","title":{"rendered":"PEZ\u00c3O FECHA ACORDO COM GOVERNO FEDERAL QUE PREV\u00ca EMPR\u00c9STIMO DE R$ 6,5 BILH\u00d5ES AO RJ"},"content":{"rendered":"<p>governador do Rio, Luiz Fernando Pez\u00e3o, assinou um termo de compromisso com o governo federal, nesta quinta-feira (26), para\u00a0receber socorro financeiro da Uni\u00e3o. Para sanar um d\u00e9ficit que deve chegar a R$ 26,132 bilh\u00f5es em 2017, o estado vai receber dois empr\u00e9stimos de cerca de R$ 6,5 bilh\u00f5es, tendo como garantias a privatiza\u00e7\u00e3o da Companhia Estadual de \u00c1guas e Esgotos do Rio de Janeiro (Cedae) e uma antecipa\u00e7\u00e3o de receitas de royalties do petr\u00f3leo.<\/p>\n<p>O governador e o ministro da Fazenda, Henrique Meirelles, anunciaram a assinatura do termo de compromisso ap\u00f3s se reunirem com o presidente Michel Temer no Pal\u00e1cio do Planalto. Tamb\u00e9m esteve no encontro o presidente da Assembleia Legislativa do Rio de Janeiro (Alerj), Jorge Picciani.<\/p>\n<figure class=\"inline foto horizontal float-none\"><img decoding=\"async\" title=\"Foto: Marcos Corr\u00eaa\/PR\" src=\"http:\/\/www.jb.com.br\/media\/fotos\/2017\/01\/26\/627w\/pezao-se-reuniu-com-meirelles-e-temer-nesta-quinta-feira-26-em-brasilia.jpg\" alt=\"Pez\u00e3o se reuniu com Meirelles e Temer nesta quinta-feira (26), em Bras\u00edlia\" \/><figcaption>Pez\u00e3o se reuniu com Meirelles e Temer nesta quinta-feira (26), em Bras\u00edlia<\/figcaption><\/figure>\n<p>O acordo vale inicialmente por tr\u00eas anos, at\u00e9 2019, podendo ser renovado caso seja necess\u00e1rio. Com a obriga\u00e7\u00e3o de cumprir uma s\u00e9rie de contrapartidas de corte de gastos e aumento de receitas, o governo estadual ter\u00e1, primeiramente, que aprovar as medidas que j\u00e1 tramitam na Alerj para que elas sejam executadas.<\/p>\n<p>Por parte da Uni\u00e3o, tamb\u00e9m deve ser enviado um projeto de lei complementar viabilizando o reequil\u00edbrio financeiro do estado. De acordo com o ministro da Fazenda, Henrique Meirelles, outros estados em situa\u00e7\u00e3o de calamidade financeira tamb\u00e9m poder\u00e3o se beneficiar das altera\u00e7\u00f5es na Lei de Responsabilidade Fiscal por meio do projeto. Ele frisou que as medidas precisar\u00e3o ser aprovadas para que o compromisso passe a valer pelo prazo previsto.<\/p>\n<p><b>Aumento de receitas<\/b><\/p>\n<p>Com o acordo, o governador do Rio de Janeiro, Luiz Fernando Pez\u00e3o, se compromete a aumentar em R$ 1,2 bilh\u00e3o as receitas previstas para este ano. Para que a recupera\u00e7\u00e3o fiscal passe a valer, o estado tamb\u00e9m se compromete a cortar despesas na ordem de R$ 9 bilh\u00f5es.<\/p>\n<p>De acordo com Meirelles, o aumento de recursos vir\u00e1 de medidas como o aumento do ICMS e a contribui\u00e7\u00e3o de empresas que recebem incentivos fiscais para um fundo espec\u00edfico. Segundo Pez\u00e3o, alguns projetos de aumento de impostos j\u00e1 foram aprovados anteriormente.<\/p>\n<p>Al\u00e9m disso, altera\u00e7\u00f5es na Previd\u00eancia estadual, como o aumento da contribui\u00e7\u00e3o dos servidores estaduais de 11% para 14% v\u00e3o, segundo o ministro, \u201cmelhorar o fluxo da Previd\u00eancia\u201d em cerca de R$ 3,2 bilh\u00f5es, tamb\u00e9m em 2017. Pelo prazo de tr\u00eas anos, o governo vai aprovar uma lei criando uma al\u00edquota tempor\u00e1ria que obrigar\u00e1 os servidores a contribu\u00edrem com mais 8%, al\u00e9m dos 14%.<\/p>\n<p>Completando o valor necess\u00e1rio para que seja sanado o d\u00e9ficit, Meirelles informou que a\u00e7\u00f5es para repactuar d\u00edvidas contra\u00eddas pelo estado far\u00e3o com que o Rio de Janeiro deixe de pagar cerca de R$ 6,2 bilh\u00f5es.<\/p>\n<p>Uma vez conclu\u00eddas as promessas do estado e aprovadas as medidas no Legislativo estadual, a Uni\u00e3o vai poder dar garantias para o empr\u00e9stimo. \u201cConcordamos com a estrutura\u00e7\u00e3o de opera\u00e7\u00e3o que vai se permitir que use a Cedae como garantia, ap\u00f3s aprovado o projeto de privatiza\u00e7\u00e3o pela Alerj. Os recursos da privatiza\u00e7\u00e3o [ser\u00e3o importantes] para que a Uni\u00e3o conceda o aval para opera\u00e7\u00e3o de empr\u00e9stimo em um banco federal. Garantia da Uni\u00e3o e contra-garantia da Cedae\u201d, afirmou o ministro.<\/p>\n<h3>Related Images:<\/h3>","protected":false},"excerpt":{"rendered":"<p>governador do Rio, Luiz Fernando Pez\u00e3o, assinou um termo de compromisso com o governo federal,&#8230;<\/p>\n","protected":false},"author":1,"featured_media":0,"comment_status":"closed","ping_status":"open","sticky":false,"template":"","format":"standard","meta":{"sfsi_plus_gutenberg_text_before_share":"","sfsi_plus_gutenberg_show_text_before_share":"","sfsi_plus_gutenberg_icon_type":"","sfsi_plus_gutenberg_icon_alignemt":"","sfsi_plus_gutenburg_max_per_row":"","_exactmetrics_skip_tracking":false,"_exactmetrics_sitenote_active":false,"_exactmetrics_sitenote_note":"","_exactmetrics_sitenote_category":0,"ngg_post_thumbnail":0,"footnotes":""},"categories":[5],"tags":[],"class_list":["post-8789","post","type-post","status-publish","format-standard","hentry","category-destaques"],"_links":{"self":[{"href":"https:\/\/www.diasdavilaacontece.com\/index.php?rest_route=\/wp\/v2\/posts\/8789","targetHints":{"allow":["GET"]}}],"collection":[{"href":"https:\/\/www.diasdavilaacontece.com\/index.php?rest_route=\/wp\/v2\/posts"}],"about":[{"href":"https:\/\/www.diasdavilaacontece.com\/index.php?rest_route=\/wp\/v2\/types\/post"}],"author":[{"embeddable":true,"href":"https:\/\/www.diasdavilaacontece.com\/index.php?rest_route=\/wp\/v2\/users\/1"}],"replies":[{"embeddable":true,"href":"https:\/\/www.diasdavilaacontece.com\/index.php?rest_route=%2Fwp%2Fv2%2Fcomments&post=8789"}],"version-history":[{"count":1,"href":"https:\/\/www.diasdavilaacontece.com\/index.php?rest_route=\/wp\/v2\/posts\/8789\/revisions"}],"predecessor-version":[{"id":8791,"href":"https:\/\/www.diasdavilaacontece.com\/index.php?rest_route=\/wp\/v2\/posts\/8789\/revisions\/8791"}],"wp:attachment":[{"href":"https:\/\/www.diasdavilaacontece.com\/index.php?rest_route=%2Fwp%2Fv2%2Fmedia&parent=8789"}],"wp:term":[{"taxonomy":"category","embeddable":true,"href":"https:\/\/www.diasdavilaacontece.com\/index.php?rest_route=%2Fwp%2Fv2%2Fcategories&post=8789"},{"taxonomy":"post_tag","embeddable":true,"href":"https:\/\/www.diasdavilaacontece.com\/index.php?rest_route=%2Fwp%2Fv2%2Ftags&post=8789"}],"curies":[{"name":"wp","href":"https:\/\/api.w.org\/{rel}","templated":true}]}}