{"id":8792,"date":"2017-01-27T12:11:02","date_gmt":"2017-01-27T12:11:02","guid":{"rendered":"http:\/\/www.diasdavilaacontece.com\/?p=8792"},"modified":"2017-01-27T12:11:02","modified_gmt":"2017-01-27T12:11:02","slug":"vice-presidente-do-flamengo-tem-ligacoes-com-eike-batista-e-e-preso-na-lava-jato","status":"publish","type":"post","link":"https:\/\/www.diasdavilaacontece.com\/?p=8792","title":{"rendered":"VICE-PRESIDENTE DO FLAMENGO TEM LIGA\u00c7\u00d5ES COM EIKE BATISTA E \u00c9 PRESO NA LAVA-JATO"},"content":{"rendered":"<p>A Pol\u00edcia Federal prendeu nesta quinta-feira Fl\u00e1vio Godinho, vice-presidente de futebol do Flamengo e antigo bra\u00e7o direito de Eike Batista, que est\u00e1 foragido, em nova fase da opera\u00e7\u00e3o Lava Jato.<\/p>\n<p>Eike, que chegou a ser considerado o oitavo homem mais rico do mundo em 2010, \u00e9 acusado de pagar US$ 16,5 milh\u00f5es em propina ao ex-governador do Rio de Janeiro S\u00e9rgio Cabral, preso desde novembro, explicaram agentes da Pol\u00edcia Federal e da procuradoria em entrevista coletiva.<\/p>\n<figure class=\"inline foto horizontal float-le\"><img decoding=\"async\" title=\"Foto: Gilvan Souza\/Flamengo\" src=\"http:\/\/www.jb.com.br\/media\/fotos\/2017\/01\/26\/300w\/homem-forte-do-futebol-rubro-negro-e-considerado-braco-direito-de-eike-b.jpg\" alt=\"Homem forte do futebol rubro negro \u00e9 considerado bra\u00e7o direito de Eike Batista\" \/><figcaption>Homem forte do futebol rubro negro \u00e9 considerado bra\u00e7o direito de Eike Batista<\/figcaption><\/figure>\n<p>Godinho come\u00e7ou a trabalhar com o grupo de empresas de Eike Batista nos anos 80 em diversas empresas &#8216;offshore&#8217;, segundo a investiga\u00e7\u00e3o.<\/p>\n<p>Em setembro do ano passado, a Pol\u00edcia Federal realizou uma opera\u00e7\u00e3o de busca e apreens\u00e3o em sua casa, na zona sul do Rio de Janeiro, avaliada em R$ 30 milh\u00f5es.<\/p>\n<p>O clube carioca emitiu um comunicado no qual ressalta que a pris\u00e3o de Godinho \u00e9 algo de &#8220;cunho pessoal&#8221; e &#8220;espera que todos os fatos sejam apurados e esclarecidos&#8221;, por prezar pela &#8220;transpar\u00eancia em sua gest\u00e3o e incentivar que este valor seja aplicado em todas as esferas da sociedade&#8221;.<\/p>\n<p>Godinho foi membro da diretoria do Flamengo em 2012, retornou ao clube em 2015 e uma de suas atribui\u00e7\u00f5es era a contrata\u00e7\u00e3o de jogadores.<\/p>\n<p>O comunicado tamb\u00e9m informa que o presidente do Flamengo, Eduardo Bandeira de Mello, acumular\u00e1 as fun\u00e7\u00f5es do vice-presidente de futebol.<\/p>\n<h3>Related Images:<\/h3>","protected":false},"excerpt":{"rendered":"<p>A Pol\u00edcia Federal prendeu nesta quinta-feira Fl\u00e1vio Godinho, vice-presidente de futebol do Flamengo e antigo&#8230;<\/p>\n","protected":false},"author":1,"featured_media":0,"comment_status":"closed","ping_status":"open","sticky":false,"template":"","format":"standard","meta":{"sfsi_plus_gutenberg_text_before_share":"","sfsi_plus_gutenberg_show_text_before_share":"","sfsi_plus_gutenberg_icon_type":"","sfsi_plus_gutenberg_icon_alignemt":"","sfsi_plus_gutenburg_max_per_row":"","_exactmetrics_skip_tracking":false,"_exactmetrics_sitenote_active":false,"_exactmetrics_sitenote_note":"","_exactmetrics_sitenote_category":0,"ngg_post_thumbnail":0,"footnotes":""},"categories":[5],"tags":[],"class_list":["post-8792","post","type-post","status-publish","format-standard","hentry","category-destaques"],"_links":{"self":[{"href":"https:\/\/www.diasdavilaacontece.com\/index.php?rest_route=\/wp\/v2\/posts\/8792","targetHints":{"allow":["GET"]}}],"collection":[{"href":"https:\/\/www.diasdavilaacontece.com\/index.php?rest_route=\/wp\/v2\/posts"}],"about":[{"href":"https:\/\/www.diasdavilaacontece.com\/index.php?rest_route=\/wp\/v2\/types\/post"}],"author":[{"embeddable":true,"href":"https:\/\/www.diasdavilaacontece.com\/index.php?rest_route=\/wp\/v2\/users\/1"}],"replies":[{"embeddable":true,"href":"https:\/\/www.diasdavilaacontece.com\/index.php?rest_route=%2Fwp%2Fv2%2Fcomments&post=8792"}],"version-history":[{"count":1,"href":"https:\/\/www.diasdavilaacontece.com\/index.php?rest_route=\/wp\/v2\/posts\/8792\/revisions"}],"predecessor-version":[{"id":8794,"href":"https:\/\/www.diasdavilaacontece.com\/index.php?rest_route=\/wp\/v2\/posts\/8792\/revisions\/8794"}],"wp:attachment":[{"href":"https:\/\/www.diasdavilaacontece.com\/index.php?rest_route=%2Fwp%2Fv2%2Fmedia&parent=8792"}],"wp:term":[{"taxonomy":"category","embeddable":true,"href":"https:\/\/www.diasdavilaacontece.com\/index.php?rest_route=%2Fwp%2Fv2%2Fcategories&post=8792"},{"taxonomy":"post_tag","embeddable":true,"href":"https:\/\/www.diasdavilaacontece.com\/index.php?rest_route=%2Fwp%2Fv2%2Ftags&post=8792"}],"curies":[{"name":"wp","href":"https:\/\/api.w.org\/{rel}","templated":true}]}}