{"id":8798,"date":"2017-01-27T12:28:53","date_gmt":"2017-01-27T12:28:53","guid":{"rendered":"http:\/\/www.diasdavilaacontece.com\/?p=8798"},"modified":"2017-01-27T12:29:24","modified_gmt":"2017-01-27T12:29:24","slug":"mais-de-1-milhao-de-baianos-terao-direito-a-saques-do-fgts","status":"publish","type":"post","link":"https:\/\/www.diasdavilaacontece.com\/?p=8798","title":{"rendered":"MAIS DE 1 MILH\u00c3O DE BAIANOS TER\u00c3O DIREITO A SAQUES DO FGTS"},"content":{"rendered":"<p class=\"bodytext\">A not\u00edcia de que o governo liberou o saque do Fundo de Garantia do Tempo de Servi\u00e7o (FGTS) de contas inativas at\u00e9 2015 \u2013 que deixaram de receber dep\u00f3sitos devido \u00e0 rescis\u00e3o do contrato de trabalho \u2013 deixou muita gente animada. Uma pesquisa divulgada pela ONG Instituto Fundo Devido ao Trabalhador (IFDT) afirma que 1.137.950 trabalhadores baianos ter\u00e3o direito a sacar \u00a0esses recursos.<\/p>\n<p class=\"bodytext\">De acordo com o Minist\u00e9rio do Trabalho e Emprego (MTE), o trabalhador poder\u00e1 sacar os valores depositados em todas as contas cujo contrato de trabalho foi extinto at\u00e9 31 de dezembro de 2015. Na Bahia, o montante de recursos que poder\u00e1 ser sacado pelos mais de um milh\u00e3o de trabalhadores \u00e9 de R$ 986.050 milh\u00f5es. O per\u00edodo para efetuar esse saque vai de 13 de mar\u00e7o a 31 de julho de 2017. De acordo com a pesquisa, ser\u00e3o sacados uma m\u00e9dia de R$ 197.210 milh\u00f5es por m\u00eas, entre mar\u00e7o e julho.<\/p>\n<p class=\"bodytext\">O cronograma de saques deve ser divulgado, no m\u00eas que vem, pela Caixa Econ\u00f4mica Federal, assim como os locais em que os recursos poder\u00e3o ser retirados. O trabalhador pode saber se sua conta est\u00e1 inativa consultando o seu extrato e verificando se a data de afastamento \u00e9 anterior a 31 de dezembro de 2015.<\/p>\n<p class=\"bodytext\">\n<p class=\"bodytext\">Esperando libera\u00e7\u00e3o<br \/>\nA educadora f\u00edsica Luciene Pereira, 34 anos, est\u00e1 em d\u00favida se tem direito a fazer o saque de uma conta inativa. \u201cEu estou sem saber direito ainda se tenho direito ou n\u00e3o. J\u00e1 fui v\u00e1rias vezes na Caixa Econ\u00f4mica Federal, mas ningu\u00e9m me disse se essa informa\u00e7\u00e3o confere ou n\u00e3o\u201d, reclama. Apesar disso, ela j\u00e1 tem alguns planos para caso tenha o direito a efetuar esse saque. \u201cEu encerrei o meu contrato com a empresa em 2013, mas tamb\u00e9m n\u00e3o sei quanto eu poderei sacar. Dependendo de quanto tenha, eu farei o saque e o plano \u00e9 pagar as d\u00edvidas\u201d, revela.<\/p>\n<p class=\"bodytext\">O calend\u00e1rio de saques ir\u00e1 levar em conta a data de nascimento. Entretanto, enquanto o cronograma n\u00e3o \u00e9 liberado, os benefici\u00e1rios podem consultar o seu saldo no site da Caixa ou do pr\u00f3prio FGTS. O saldo pode ser consultado tamb\u00e9m em um aplicativo para smarthphones e tablets, dispon\u00edveis nas lojas para Android, iOS e Windows.<\/p>\n<p class=\"bodytext\">N\u00famero de saques<br \/>\nA expectativa do governo federal \u00e9 que \u00a010,2 milh\u00f5es de trabalhadores brasileiros decidam retirar o saldo dispon\u00edvel nas contas inativas. Ao todo, 18,6 milh\u00f5es de trabalhadores est\u00e3o aptos, por\u00e9m a expectativa \u00e9 de que nem todos os que podem sacar decidam fazer isso. Pelas contas oficiais, o volume de saques pode injetar na economia aproximadamente R$ 30 bilh\u00f5es nos pr\u00f3ximos meses.<\/p>\n<p class=\"bodytext\">O presidente da ONG Instituto Fundo Devido ao Trabalhador, Mario Avelino, acredita que os n\u00fameros ser\u00e3o maiores. Ele acredita que os n\u00fameros estariam imcompat\u00edveis com a quantidade de demiss\u00f5es sem justa causa que aconteceram nos \u00faltimos anos.<\/p>\n<p class=\"bodytext\">Avelino avalia que cada trabalhador brasileiro tem uma m\u00e9dia de quatro contas inativas. Usando os dados da Rela\u00e7\u00e3o Anual de Informa\u00e7\u00f5es Sociais (Rais) de 2015, divulgados pelo Minist\u00e9rio do Trabalho, e o Balan\u00e7o Anual do FGTS de 2015, divulgado pela Caixa Econ\u00f4mica Federal, at\u00e9 o \u00faltimo dia de 2015, ele aponta que \u00a0existia um total de 94.632.068 contas inativas.<\/p>\n<p class=\"bodytext\">Ele tamb\u00e9m contesta o volume de R$ 30 bilh\u00f5es divulgados pelo governo. \u201cUsando esses dados, a corre\u00e7\u00e3o monet\u00e1ria do per\u00edodo de 2016 e outros expurgos, estimo que R$ 20,5 bilh\u00f5es ser\u00e3o disponibilizados para saque nas contas inativas. Deve ter havido algum equ\u00edvoco nos dados divulgados pelo governo\u201d, pontua Avelino.<\/p>\n<p class=\"bodytext\">Foi solicitado um posicionamento do Minist\u00e9rio do Trabalho, atrav\u00e9s da assessoria de imprensa, em rela\u00e7\u00e3o aos dados apresentados pela ONG, mas n\u00e3o houve retorno at\u00e9 o fechamento desta reportagem.<\/p>\n<p class=\"bodytext\">Com\u00e9rcio<br \/>\nO dinheiro do saque das contas inativas do FGTS pode ajudar, inclusive, a aquecer a economia e o com\u00e9rcio de varejo, que vem acumulando uma s\u00e9rie de n\u00fameros negativos nos \u00faltimos meses. De acordo com o Sindicato dos Lojistas do Com\u00e9rcio do Estado da Bahia (Sindilojas-BA), o varejo aguarda com boa expectativa que esses benefici\u00e1rios gastem parte desse dinheiro extra na compra de bens de consumo, movimentando assim o com\u00e9rcio baiano.<\/p>\n<p class=\"bodytext\">\u201cTudo o que envolve circula\u00e7\u00e3o de recursos \u00e9 benef\u00edcio para o com\u00e9rcio. Se h\u00e1 libera\u00e7\u00e3o de mais recursos, esses inativos, isso irriga a economia. Isso eu vejo como positivo. Mas temos que aguardar para ver se o consumidor vai, de fato, \u00a0investir no com\u00e9rcio ou se ele vai guardar esse dinheiro\u201d, diz o presidente do Sindilojas-BA, Paulo Motta. \u201cA gente tem que confiar que o consumidor vai investir em algum bem de consumo para irrigar a economia. Isso \u00e9 importante para o varejo\u201d, diz.<\/p>\n<p class=\"bodytext\">\n<p class=\"bodytext\">\n<p class=\"bodytext\">.<\/p>\n<p class=\"bodytext\">Fonte &#8211; O Correio<\/p>\n<h3>Related Images:<\/h3>","protected":false},"excerpt":{"rendered":"<p>A not\u00edcia de que o governo liberou o saque do Fundo de Garantia do Tempo&#8230;<\/p>\n","protected":false},"author":1,"featured_media":0,"comment_status":"closed","ping_status":"open","sticky":false,"template":"","format":"standard","meta":{"sfsi_plus_gutenberg_text_before_share":"","sfsi_plus_gutenberg_show_text_before_share":"","sfsi_plus_gutenberg_icon_type":"","sfsi_plus_gutenberg_icon_alignemt":"","sfsi_plus_gutenburg_max_per_row":"","_exactmetrics_skip_tracking":false,"_exactmetrics_sitenote_active":false,"_exactmetrics_sitenote_note":"","_exactmetrics_sitenote_category":0,"ngg_post_thumbnail":0,"footnotes":""},"categories":[5],"tags":[],"class_list":["post-8798","post","type-post","status-publish","format-standard","hentry","category-destaques"],"_links":{"self":[{"href":"https:\/\/www.diasdavilaacontece.com\/index.php?rest_route=\/wp\/v2\/posts\/8798","targetHints":{"allow":["GET"]}}],"collection":[{"href":"https:\/\/www.diasdavilaacontece.com\/index.php?rest_route=\/wp\/v2\/posts"}],"about":[{"href":"https:\/\/www.diasdavilaacontece.com\/index.php?rest_route=\/wp\/v2\/types\/post"}],"author":[{"embeddable":true,"href":"https:\/\/www.diasdavilaacontece.com\/index.php?rest_route=\/wp\/v2\/users\/1"}],"replies":[{"embeddable":true,"href":"https:\/\/www.diasdavilaacontece.com\/index.php?rest_route=%2Fwp%2Fv2%2Fcomments&post=8798"}],"version-history":[{"count":2,"href":"https:\/\/www.diasdavilaacontece.com\/index.php?rest_route=\/wp\/v2\/posts\/8798\/revisions"}],"predecessor-version":[{"id":8801,"href":"https:\/\/www.diasdavilaacontece.com\/index.php?rest_route=\/wp\/v2\/posts\/8798\/revisions\/8801"}],"wp:attachment":[{"href":"https:\/\/www.diasdavilaacontece.com\/index.php?rest_route=%2Fwp%2Fv2%2Fmedia&parent=8798"}],"wp:term":[{"taxonomy":"category","embeddable":true,"href":"https:\/\/www.diasdavilaacontece.com\/index.php?rest_route=%2Fwp%2Fv2%2Fcategories&post=8798"},{"taxonomy":"post_tag","embeddable":true,"href":"https:\/\/www.diasdavilaacontece.com\/index.php?rest_route=%2Fwp%2Fv2%2Ftags&post=8798"}],"curies":[{"name":"wp","href":"https:\/\/api.w.org\/{rel}","templated":true}]}}