{"id":8802,"date":"2017-01-27T12:47:38","date_gmt":"2017-01-27T12:47:38","guid":{"rendered":"http:\/\/www.diasdavilaacontece.com\/?p=8802"},"modified":"2017-01-27T12:47:38","modified_gmt":"2017-01-27T12:47:38","slug":"23-de-janeiro-dias-davila-tem-um-assassinato-no-botafogo","status":"publish","type":"post","link":"https:\/\/www.diasdavilaacontece.com\/?p=8802","title":{"rendered":"23 DE JANEIRO: DIAS D&#8217;\u00c1VILA TEM UM ASSASSINATO NO BOTAFOGO"},"content":{"rendered":"<p>Na ter\u00e7a-feira, dia 23 de janeiro, a estat\u00edstica de homic\u00eddio de Dias d&#8217;\u00c1vila ganha um novo n\u00famero &#8211; foi assassinado uma pessoa por nome de Nadson Santana, de 27 anos.Conforme levantamento, o homem foi morto, por volta das 19:30 Hs, na Rua Baixa do Botafogo, situada no bairro do Botafogo e Imbassay.<\/p>\n<p>Segundo relatos de testemunhas, a v\u00edtima foi surpreendido por um homem armado e desconhecido que efetuou cerca de 10 tiros contra ele. A v\u00edtima foi socorrido para a Unidade de Pronto Atendimento, mas veio a \u00f3bito.<\/p>\n<p>&nbsp;<\/p>\n<p>.<a href=\"http:\/\/www.diasdavilaacontece.com\/wp-content\/uploads\/2017\/01\/1111-54.jpg\"><img loading=\"lazy\" decoding=\"async\" class=\"alignnone size-medium wp-image-8716\" src=\"http:\/\/www.diasdavilaacontece.com\/wp-content\/uploads\/2017\/01\/1111-54-300x169.jpg\" alt=\"\" width=\"300\" height=\"169\" \/><\/a><\/p>\n<h3>Related Images:<\/h3>","protected":false},"excerpt":{"rendered":"<p>Na ter\u00e7a-feira, dia 23 de janeiro, a estat\u00edstica de homic\u00eddio de Dias d&#8217;\u00c1vila ganha um&#8230;<\/p>\n","protected":false},"author":1,"featured_media":0,"comment_status":"closed","ping_status":"open","sticky":false,"template":"","format":"standard","meta":{"sfsi_plus_gutenberg_text_before_share":"","sfsi_plus_gutenberg_show_text_before_share":"","sfsi_plus_gutenberg_icon_type":"","sfsi_plus_gutenberg_icon_alignemt":"","sfsi_plus_gutenburg_max_per_row":"","_exactmetrics_skip_tracking":false,"_exactmetrics_sitenote_active":false,"_exactmetrics_sitenote_note":"","_exactmetrics_sitenote_category":0,"ngg_post_thumbnail":0,"footnotes":""},"categories":[56],"tags":[],"class_list":["post-8802","post","type-post","status-publish","format-standard","hentry","category-dias-davila"],"_links":{"self":[{"href":"https:\/\/www.diasdavilaacontece.com\/index.php?rest_route=\/wp\/v2\/posts\/8802","targetHints":{"allow":["GET"]}}],"collection":[{"href":"https:\/\/www.diasdavilaacontece.com\/index.php?rest_route=\/wp\/v2\/posts"}],"about":[{"href":"https:\/\/www.diasdavilaacontece.com\/index.php?rest_route=\/wp\/v2\/types\/post"}],"author":[{"embeddable":true,"href":"https:\/\/www.diasdavilaacontece.com\/index.php?rest_route=\/wp\/v2\/users\/1"}],"replies":[{"embeddable":true,"href":"https:\/\/www.diasdavilaacontece.com\/index.php?rest_route=%2Fwp%2Fv2%2Fcomments&post=8802"}],"version-history":[{"count":1,"href":"https:\/\/www.diasdavilaacontece.com\/index.php?rest_route=\/wp\/v2\/posts\/8802\/revisions"}],"predecessor-version":[{"id":8803,"href":"https:\/\/www.diasdavilaacontece.com\/index.php?rest_route=\/wp\/v2\/posts\/8802\/revisions\/8803"}],"wp:attachment":[{"href":"https:\/\/www.diasdavilaacontece.com\/index.php?rest_route=%2Fwp%2Fv2%2Fmedia&parent=8802"}],"wp:term":[{"taxonomy":"category","embeddable":true,"href":"https:\/\/www.diasdavilaacontece.com\/index.php?rest_route=%2Fwp%2Fv2%2Fcategories&post=8802"},{"taxonomy":"post_tag","embeddable":true,"href":"https:\/\/www.diasdavilaacontece.com\/index.php?rest_route=%2Fwp%2Fv2%2Ftags&post=8802"}],"curies":[{"name":"wp","href":"https:\/\/api.w.org\/{rel}","templated":true}]}}