{"id":8804,"date":"2017-01-27T12:53:40","date_gmt":"2017-01-27T12:53:40","guid":{"rendered":"http:\/\/www.diasdavilaacontece.com\/?p=8804"},"modified":"2017-01-27T12:53:40","modified_gmt":"2017-01-27T12:53:40","slug":"dias-davila-27-de-janeiro-corpo-de-homem-e-encontrado-sem-vida-no-entroncamento","status":"publish","type":"post","link":"https:\/\/www.diasdavilaacontece.com\/?p=8804","title":{"rendered":"DIAS D&#8217;\u00c1VILA: 27 DE JANEIRO, CORPO DE HOMEM \u00c9 ENCONTRADO SEM VIDA NO ENTRONCAMENTO"},"content":{"rendered":"<p>Populares encontraram um corpo ainda n\u00e3o identificado, com vis\u00edveis sinais de ter sofrido espancamento, na manh\u00e3 desta sexta-feira, 27 de janeiro, no Bairro Entroncamento de Dias d&#8217;\u00c1vila.<\/p>\n<p>&nbsp;<\/p>\n<p>Nada se sabe ainda sobre o caso. A PM compareceu ao local e registrou o fato para a Pol\u00edcia Civil.<\/p>\n<p>&nbsp;<\/p>\n<p>&nbsp;<\/p>\n<h3>Related Images:<\/h3>","protected":false},"excerpt":{"rendered":"<p>Populares encontraram um corpo ainda n\u00e3o identificado, com vis\u00edveis sinais de ter sofrido espancamento, na&#8230;<\/p>\n","protected":false},"author":1,"featured_media":0,"comment_status":"closed","ping_status":"open","sticky":false,"template":"","format":"standard","meta":{"sfsi_plus_gutenberg_text_before_share":"","sfsi_plus_gutenberg_show_text_before_share":"","sfsi_plus_gutenberg_icon_type":"","sfsi_plus_gutenberg_icon_alignemt":"","sfsi_plus_gutenburg_max_per_row":"","_exactmetrics_skip_tracking":false,"_exactmetrics_sitenote_active":false,"_exactmetrics_sitenote_note":"","_exactmetrics_sitenote_category":0,"ngg_post_thumbnail":0,"footnotes":""},"categories":[56],"tags":[],"class_list":["post-8804","post","type-post","status-publish","format-standard","hentry","category-dias-davila"],"_links":{"self":[{"href":"https:\/\/www.diasdavilaacontece.com\/index.php?rest_route=\/wp\/v2\/posts\/8804","targetHints":{"allow":["GET"]}}],"collection":[{"href":"https:\/\/www.diasdavilaacontece.com\/index.php?rest_route=\/wp\/v2\/posts"}],"about":[{"href":"https:\/\/www.diasdavilaacontece.com\/index.php?rest_route=\/wp\/v2\/types\/post"}],"author":[{"embeddable":true,"href":"https:\/\/www.diasdavilaacontece.com\/index.php?rest_route=\/wp\/v2\/users\/1"}],"replies":[{"embeddable":true,"href":"https:\/\/www.diasdavilaacontece.com\/index.php?rest_route=%2Fwp%2Fv2%2Fcomments&post=8804"}],"version-history":[{"count":1,"href":"https:\/\/www.diasdavilaacontece.com\/index.php?rest_route=\/wp\/v2\/posts\/8804\/revisions"}],"predecessor-version":[{"id":8805,"href":"https:\/\/www.diasdavilaacontece.com\/index.php?rest_route=\/wp\/v2\/posts\/8804\/revisions\/8805"}],"wp:attachment":[{"href":"https:\/\/www.diasdavilaacontece.com\/index.php?rest_route=%2Fwp%2Fv2%2Fmedia&parent=8804"}],"wp:term":[{"taxonomy":"category","embeddable":true,"href":"https:\/\/www.diasdavilaacontece.com\/index.php?rest_route=%2Fwp%2Fv2%2Fcategories&post=8804"},{"taxonomy":"post_tag","embeddable":true,"href":"https:\/\/www.diasdavilaacontece.com\/index.php?rest_route=%2Fwp%2Fv2%2Ftags&post=8804"}],"curies":[{"name":"wp","href":"https:\/\/api.w.org\/{rel}","templated":true}]}}