{"id":8806,"date":"2017-01-27T13:32:07","date_gmt":"2017-01-27T13:32:07","guid":{"rendered":"http:\/\/www.diasdavilaacontece.com\/?p=8806"},"modified":"2017-01-27T13:32:07","modified_gmt":"2017-01-27T13:32:07","slug":"dias-davila-alberto-castro-faz-denuncia-da-prefeita-e-prefeitura-emite-nota-para-a-imprensa-sobre-o-assunto","status":"publish","type":"post","link":"https:\/\/www.diasdavilaacontece.com\/?p=8806","title":{"rendered":"DIAS D&#8217;\u00c1VILA: ALBERTO CASTRO FAZ DENUNCIA DA PREFEITA E PREFEITURA EMITE NOTA PARA A IMPRENSA SOBRE O ASSUNTO"},"content":{"rendered":"<p>E a cidade de Dias d&#8217;\u00c1vila foi sacudida na quarta-feira, dia 25 de janeiro, pela den\u00fancia feita pelo ex-candidato a prefeito pelo PSDB, Alberto Castro (atual presidente desta sigla pol\u00edtica), segundo posicionado na \u00faltima elei\u00e7\u00e3o, que veio a p\u00fablico e pelas redes sociais acusar a prefeita de Dias d\u2019\u00c1vila, Jussara M\u00e1rcia (PT), e seu marido, o vereador e presidente da C\u00e2mara, Dr. Z\u00e9 Carlos (PSD) de derrubar um muro que cerca um terreno situado na Rua da Mangueira (ao lado da Feira Municipal do centro), que ele afirma ser sua propriedade &#8211; do qual, segundo ele, det\u00e9m toda a documenta\u00e7\u00e3o de posse.<\/p>\n<p>&nbsp;<\/p>\n<p>Alberto Castro ainda colocou em circula\u00e7\u00e3o pelas redes sociais &#8211; tanto pelo facebook como pelo whatssApp um v\u00eddeo de sua autoria em que demonstra toda a sua insatisfa\u00e7\u00e3o com o atual governo municipal e com a ocorr\u00eancia da derrubada do muro de seu patrim\u00f4nio. Segundo os mesmos, a ocorr\u00eancia foi registrada na Pol\u00edcia Civil, bem como j\u00e1 esta tomando provid\u00eancias juridicamente.<\/p>\n<p>&nbsp;<\/p>\n<p>Alberto Castro se manifestou &#8220;Hoje de forma ilegal e irrespons\u00e1vel, prepostos da Prefeitura derrubaram o muro de nosso terreno pr\u00f3ximo ao Supermercado Supernorte antigo Supermercado Castro e<span class=\"text_exposed_show\"> amea\u00e7am minha fam\u00edlia, atrav\u00e9s de um decreto caduco de 1976 sem validade jur\u00eddica nenhuma. Este im\u00f3vel pertence a minha fam\u00edlia e est\u00e1 devidamente escriturado no cart\u00f3rio local. Simplesmente persegui\u00e7\u00e3o pol\u00edtica e abuso de poder!&#8221;<\/span><\/p>\n<p>&nbsp;<\/p>\n<p>&nbsp;<\/p>\n<p>O fato deixou a cidade em polvorosa por saber mais sobre o acontecido e os motivos da tal desapropria\u00e7\u00e3o. A prefeitura demorou a se posicionar, o que deixou o povo ainda mais curioso acerca dos fatos. Na quarta-feira n\u00e3o houve nenhuma divulga\u00e7\u00e3o oficial por parte da prefeitura, mas fontes do executivo disse que Tina Costa,\u00a0 secretaria de Governo e Planejamento iria se pronunciar na quinta-feira pela manh\u00e3.<\/p>\n<p>&nbsp;<\/p>\n<p>Na quinta-feira a Prefeitura Municipal de Dias d&#8217;\u00c1vila divulgou a seguinte Nota para a Imprensa, explicando e datalhando o acontecido e os fatos que levaram a desapropria\u00e7\u00e3o do terreno em pauta.<\/p>\n<p>&nbsp;<\/p>\n<p>Segue na \u00edntegra:<\/p>\n<p>&nbsp;<\/p>\n<p>&#8220;NOTA OFICIAL<br \/>\nPREFEITURA MUNICIPAL DE DIAS D\u2019\u00c1VILA<\/p>\n<p>Diante das not\u00edcias veiculadas nas m\u00eddias locais acerca de uma suposta desapropria\u00e7\u00e3o ilegal efetuada pela Prefeitura, o Governo Municipal, em respeito \u00e0 sociedade vem a p\u00fablico esclarecer que:<br \/>\n<span class=\"text_exposed_show\"><br \/>\nO terreno situado na Avenida Airton Carlos Nunes (antiga Rua da Mangueira), ao lado do Mercado Municipal e ao fundo do atual supermercado Super Norte, \u00e9 de propriedade da Prefeitura, conforme consta no Decreto N\u00ba 31\/76 institu\u00eddo em 1976, quando Dias d\u2019\u00c1vila ainda era distrito de Cama\u00e7ari. Al\u00e9m disso, foi feito um estudo t\u00e9cnico (tra\u00e7ado uma poligonal) que comprova os limites da \u00e1rea.<\/p>\n<p>A Prefeitura enviou tr\u00eas notifica\u00e7\u00f5es solicitando o comparecimento dos supostos donos para tratar do assunto e esclarecer os fatos. A primeira foi entregue em agosto de 2014 e ao comparecer, a secretaria entregou c\u00f3pias da documenta\u00e7\u00e3o referente \u00e0 desapropria\u00e7\u00e3o. Outras duas notifica\u00e7\u00f5es foram feitas, em dezembro de 2016 e a \u00faltima e mais recente, em 16 de Janeiro de 2017.<\/p>\n<p>Por isso, em respeito ao p\u00fablico, que tem confian\u00e7a em nosso trabalho, informamos que o poder p\u00fablico jamais agir\u00e1 de forma arbitr\u00e1ria e em momento algum houve persegui\u00e7\u00e3o pol\u00edtica no caso.<\/p>\n<p>A Prefeitura necessitou reaver a posse do terreno, no qual n\u00e3o estava sendo utilizado, para que o local fosse incluso no projeto de amplia\u00e7\u00e3o e reforma do Mercado Municipal e Terminal Rodovi\u00e1rio do munic\u00edpio, uma obra que trar\u00e1 benef\u00edcios para toda a popula\u00e7\u00e3o. O recurso j\u00e1 est\u00e1 disponibilizado, a licita\u00e7\u00e3o conclu\u00edda e nos pr\u00f3ximos dias a prefeitura dar\u00e1 in\u00edcio as obras.<\/p>\n<p>Anexo a esta nota oficial, segue documentos que comprovam a veracidade do caso:<\/p>\n<p>Decreto: <a href=\"http:\/\/migre.me\/vWlon\" target=\"_blank\" rel=\"nofollow nofollow\">http:\/\/migre.me\/vWlon<\/a><br \/>\nPoligonal: <a href=\"http:\/\/migre.me\/vWmHN\" target=\"_blank\" rel=\"nofollow nofollow\">http:\/\/migre.me\/vWmHN<\/a><br \/>\n1\u00aa Notifica\u00e7\u00e3o: <a href=\"http:\/\/migre.me\/vWloQ\" target=\"_blank\" rel=\"nofollow nofollow\">http:\/\/migre.me\/vWloQ<\/a><br \/>\n2\u00aa Notifica\u00e7\u00e3o: <a href=\"http:\/\/l.facebook.com\/l.php?u=http%3A%2F%2Fmigre.me%2FvWmIs&amp;h=ATNQJzKbTkomeUMI_qBe24Kca2gDTLE-fJITFdRvKPqdpHTVEfwO8VbHsIueTQVVenANgPrQ7DhhjPUexSclFTZnjKQA8MW5u78w4QaZo28U3DywhcWYMuZylwFo5UJTDZ78lHs&amp;enc=AZPRYM48JCuCX0jcOyvJOUh8SbX9r0hePcYiJFU8RW6ttAKa-AMQyVx45g6R-8zfsNel3Ck5-Myj-N3C14LHYJ77T0Gykx52kfaSKqc78rYY_d0kPGmNpSvV0Y8W3aaD8qvVlSNxMVDFFkUnksnbLmAI&amp;s=1\" target=\"_blank\" rel=\"nofollow nofollow\">http:\/\/migre.me\/vWmIs<\/a><br \/>\n3\u00aa Notifica\u00e7\u00e3o: <a href=\"http:\/\/migre.me\/vWmJW\" target=\"_blank\" rel=\"nofollow nofollow\">http:\/\/migre.me\/vWmJW<\/a><\/p>\n<p>Dias d\u2019\u00c1vila, 26 de janeiro de 2017.<\/p>\n<p>Assessoria de Comunica\u00e7\u00e3o<br \/>\nPREFEITURA MUNICIPAL DE DIAS D\u2019\u00c1VILA&#8221;<\/span><\/p>\n<p>&nbsp;<\/p>\n<p>&nbsp;<\/p>\n<p>&nbsp;<\/p>\n<p>&nbsp;<\/p>\n<p><a href=\"http:\/\/www.diasdavilaacontece.com\/wp-content\/uploads\/2017\/01\/1a-1.jpg\"><img loading=\"lazy\" decoding=\"async\" class=\"alignnone size-medium wp-image-8807\" src=\"http:\/\/www.diasdavilaacontece.com\/wp-content\/uploads\/2017\/01\/1a-1-300x169.jpg\" alt=\"\" width=\"300\" height=\"169\" \/><\/a> <a href=\"http:\/\/www.diasdavilaacontece.com\/wp-content\/uploads\/2017\/01\/1b.jpg\"><img loading=\"lazy\" decoding=\"async\" class=\"alignnone size-medium wp-image-8808\" src=\"http:\/\/www.diasdavilaacontece.com\/wp-content\/uploads\/2017\/01\/1b-300x225.jpg\" alt=\"\" width=\"300\" height=\"225\" \/><\/a> <a href=\"http:\/\/www.diasdavilaacontece.com\/wp-content\/uploads\/2017\/01\/1c.jpg\"><img loading=\"lazy\" decoding=\"async\" class=\"alignnone size-medium wp-image-8809\" src=\"http:\/\/www.diasdavilaacontece.com\/wp-content\/uploads\/2017\/01\/1c-300x225.jpg\" alt=\"\" width=\"300\" height=\"225\" \/><\/a> <a href=\"http:\/\/www.diasdavilaacontece.com\/wp-content\/uploads\/2017\/01\/1d.jpg\"><img loading=\"lazy\" decoding=\"async\" class=\"alignnone size-medium wp-image-8810\" src=\"http:\/\/www.diasdavilaacontece.com\/wp-content\/uploads\/2017\/01\/1d-300x169.jpg\" alt=\"\" width=\"300\" height=\"169\" \/><\/a><\/p>\n<p>.<\/p>\n<p>F<b><strong>otos: Alberto Castro<\/strong><\/b><\/p>\n<h3>Related Images:<\/h3>","protected":false},"excerpt":{"rendered":"<p>E a cidade de Dias d&#8217;\u00c1vila foi sacudida na quarta-feira, dia 25 de janeiro, pela&#8230;<\/p>\n","protected":false},"author":1,"featured_media":0,"comment_status":"closed","ping_status":"open","sticky":false,"template":"","format":"standard","meta":{"sfsi_plus_gutenberg_text_before_share":"","sfsi_plus_gutenberg_show_text_before_share":"","sfsi_plus_gutenberg_icon_type":"","sfsi_plus_gutenberg_icon_alignemt":"","sfsi_plus_gutenburg_max_per_row":"","_exactmetrics_skip_tracking":false,"_exactmetrics_sitenote_active":false,"_exactmetrics_sitenote_note":"","_exactmetrics_sitenote_category":0,"ngg_post_thumbnail":0,"footnotes":""},"categories":[56],"tags":[],"class_list":["post-8806","post","type-post","status-publish","format-standard","hentry","category-dias-davila"],"_links":{"self":[{"href":"https:\/\/www.diasdavilaacontece.com\/index.php?rest_route=\/wp\/v2\/posts\/8806","targetHints":{"allow":["GET"]}}],"collection":[{"href":"https:\/\/www.diasdavilaacontece.com\/index.php?rest_route=\/wp\/v2\/posts"}],"about":[{"href":"https:\/\/www.diasdavilaacontece.com\/index.php?rest_route=\/wp\/v2\/types\/post"}],"author":[{"embeddable":true,"href":"https:\/\/www.diasdavilaacontece.com\/index.php?rest_route=\/wp\/v2\/users\/1"}],"replies":[{"embeddable":true,"href":"https:\/\/www.diasdavilaacontece.com\/index.php?rest_route=%2Fwp%2Fv2%2Fcomments&post=8806"}],"version-history":[{"count":1,"href":"https:\/\/www.diasdavilaacontece.com\/index.php?rest_route=\/wp\/v2\/posts\/8806\/revisions"}],"predecessor-version":[{"id":8811,"href":"https:\/\/www.diasdavilaacontece.com\/index.php?rest_route=\/wp\/v2\/posts\/8806\/revisions\/8811"}],"wp:attachment":[{"href":"https:\/\/www.diasdavilaacontece.com\/index.php?rest_route=%2Fwp%2Fv2%2Fmedia&parent=8806"}],"wp:term":[{"taxonomy":"category","embeddable":true,"href":"https:\/\/www.diasdavilaacontece.com\/index.php?rest_route=%2Fwp%2Fv2%2Fcategories&post=8806"},{"taxonomy":"post_tag","embeddable":true,"href":"https:\/\/www.diasdavilaacontece.com\/index.php?rest_route=%2Fwp%2Fv2%2Ftags&post=8806"}],"curies":[{"name":"wp","href":"https:\/\/api.w.org\/{rel}","templated":true}]}}