{"id":8812,"date":"2017-01-27T14:02:41","date_gmt":"2017-01-27T14:02:41","guid":{"rendered":"http:\/\/www.diasdavilaacontece.com\/?p=8812"},"modified":"2017-01-27T14:02:41","modified_gmt":"2017-01-27T14:02:41","slug":"secretaria-de-governo-e-planejamento-de-dias-davila-vem-a-publico-explicar-desapropriacao-de-terreno","status":"publish","type":"post","link":"https:\/\/www.diasdavilaacontece.com\/?p=8812","title":{"rendered":"SECRET\u00c1RIA DE GOVERNO E PLANEJAMENTO DE DIAS D&#8217;\u00c1VILA VEM A P\u00daBLICO EXPLICAR DESAPROPRIA\u00c7\u00c3O DE TERRENO"},"content":{"rendered":"<p>Na quinta-feira, 26 de janeiro, Tina Costa do Nascimento, secret\u00e1ria\u00a0de Governo e Planejamento de Dias d&#8217;\u00c1vila, fez um pronunciamento acerca da derrubada de um muro e da ocupa\u00e7\u00e3o de um im\u00f3vel existente na Rua da Mangueira, pr\u00f3ximo a Feira Municipal do centro, que o ex-candidato a prefeito nas \u00faltimas elei\u00e7\u00f5es, Alberto Castro, do PSDB, alega ser de sua propriedade.<\/p>\n<p>&nbsp;<\/p>\n<p>Alberto Castro, alegando ser v\u00edtima divulgou um v\u00eddeo que foi visto largamente nas redes sociais &#8211; WhatssApp e FaceBook &#8211; e neste v\u00eddeo o mesmo acusa a prefeita Jussara M\u00e1rcia, do PT, e o Vereador e Presidente da C\u00e2mara Dr Jos\u00e9 Carlos, do PSD, de o estrem perseguindo.<\/p>\n<p>&nbsp;<\/p>\n<div><\/div>\n<div>Em resposta a este v\u00eddeo, foi emitida uma Nota para a Imprensa pela Prefeitura sobre o assunto e al\u00e9m disto, Tina Nascimento apresentou documentos que asseguram e mostram que o terreno pertence a cidade de Dias d&#8217;\u00c1vila desde quando nem era ainda emancipada, e sim, distrito de Cama\u00e7ari.<\/div>\n<div><\/div>\n<div>Nesta documenta\u00e7\u00e3o apresentada, Tina mostra que existe a c\u00f3pia de um decreto assinado em 1976 pelo prefeito da \u00e9poca. O decreto autoriza a desapropria\u00e7\u00e3o de uma \u00e1rea de pouco mais de 32 mil metros quadrados. Conforme explica a secret\u00e1ria, o terreno que Castro diz ser de sua propriedade est\u00e1 nesta \u00e1rea e a posse do espa\u00e7o foi feita de forma irregular.<\/div>\n<div><\/div>\n<div>A secret\u00e1ria tem em m\u00e3os ainda, uma c\u00f3pia da notifica\u00e7\u00e3o recebida por Alberto Castro em 13 de agosto de 2014, onde a prefeitura solicita a sua presen\u00e7a na SEGOV para tratar deste assunto, que hoje faz parte de uma \u00e1rea que receber\u00e1 as obras da Feira Municipal nos pr\u00f3ximos dias. A secret\u00e1ria tem mais outras duas notifica\u00e7\u00f5es datadas em 22\/12\/2016 e 16\/01\/2017, que foram apresentadas, por\u00e9m n\u00e3o foram recebidas pelo destinat\u00e1rio, Alberto Castro.<\/div>\n<div><\/div>\n<div>&#8220;A gente n\u00e3o tem interesse de tirar o com\u00e9rcio de ningu\u00e9m, apesar de estar na poligonal. A gente precisou de uma \u00e1rea do fundo que n\u00e3o est\u00e1 sendo utilizada por ele, e que s\u00f3 tinha tr\u00eas canis vazios e um galinheiro&#8221;, ressaltou a imprensa.\u00a0&#8220;Eu quero deixar claro que em momento nenhum a prefeita disse prejudique. Coincidentemente o pai dele \u00e9 propriet\u00e1rio e ele \u00e9 pol\u00edtico, ent\u00e3o as pessoas ficam fazendo conota\u00e7\u00f5es e politicagem. Ele infelizmente comprou uma \u00e1rea onde j\u00e1 tinha uma desapropria\u00e7\u00e3o. Tem 40 anos isso &#8220;, destacou , explicou e salientou Tina Nascimento.<\/div>\n<div><\/div>\n<div>.<\/div>\n<div><\/div>\n<div>\n<div><\/div>\n<\/div>\n<h3>Related Images:<\/h3>","protected":false},"excerpt":{"rendered":"<p>Na quinta-feira, 26 de janeiro, Tina Costa do Nascimento, secret\u00e1ria\u00a0de Governo e Planejamento de Dias&#8230;<\/p>\n","protected":false},"author":1,"featured_media":0,"comment_status":"closed","ping_status":"open","sticky":false,"template":"","format":"standard","meta":{"sfsi_plus_gutenberg_text_before_share":"","sfsi_plus_gutenberg_show_text_before_share":"","sfsi_plus_gutenberg_icon_type":"","sfsi_plus_gutenberg_icon_alignemt":"","sfsi_plus_gutenburg_max_per_row":"","_exactmetrics_skip_tracking":false,"_exactmetrics_sitenote_active":false,"_exactmetrics_sitenote_note":"","_exactmetrics_sitenote_category":0,"ngg_post_thumbnail":0,"footnotes":""},"categories":[56],"tags":[],"class_list":["post-8812","post","type-post","status-publish","format-standard","hentry","category-dias-davila"],"_links":{"self":[{"href":"https:\/\/www.diasdavilaacontece.com\/index.php?rest_route=\/wp\/v2\/posts\/8812","targetHints":{"allow":["GET"]}}],"collection":[{"href":"https:\/\/www.diasdavilaacontece.com\/index.php?rest_route=\/wp\/v2\/posts"}],"about":[{"href":"https:\/\/www.diasdavilaacontece.com\/index.php?rest_route=\/wp\/v2\/types\/post"}],"author":[{"embeddable":true,"href":"https:\/\/www.diasdavilaacontece.com\/index.php?rest_route=\/wp\/v2\/users\/1"}],"replies":[{"embeddable":true,"href":"https:\/\/www.diasdavilaacontece.com\/index.php?rest_route=%2Fwp%2Fv2%2Fcomments&post=8812"}],"version-history":[{"count":1,"href":"https:\/\/www.diasdavilaacontece.com\/index.php?rest_route=\/wp\/v2\/posts\/8812\/revisions"}],"predecessor-version":[{"id":8814,"href":"https:\/\/www.diasdavilaacontece.com\/index.php?rest_route=\/wp\/v2\/posts\/8812\/revisions\/8814"}],"wp:attachment":[{"href":"https:\/\/www.diasdavilaacontece.com\/index.php?rest_route=%2Fwp%2Fv2%2Fmedia&parent=8812"}],"wp:term":[{"taxonomy":"category","embeddable":true,"href":"https:\/\/www.diasdavilaacontece.com\/index.php?rest_route=%2Fwp%2Fv2%2Fcategories&post=8812"},{"taxonomy":"post_tag","embeddable":true,"href":"https:\/\/www.diasdavilaacontece.com\/index.php?rest_route=%2Fwp%2Fv2%2Ftags&post=8812"}],"curies":[{"name":"wp","href":"https:\/\/api.w.org\/{rel}","templated":true}]}}