{"id":8815,"date":"2017-01-27T22:51:02","date_gmt":"2017-01-27T22:51:02","guid":{"rendered":"http:\/\/www.diasdavilaacontece.com\/?p=8815"},"modified":"2017-01-27T22:51:02","modified_gmt":"2017-01-27T22:51:02","slug":"juizes-auxiliares-do-stf-concluem-audiencias-com-77-delatores-da-odebretch","status":"publish","type":"post","link":"https:\/\/www.diasdavilaacontece.com\/?p=8815","title":{"rendered":"JU\u00cdZES AUXILIARES DO STF CONCLUEM AUDI\u00caNCIAS COM 77 DELATORES DA ODEBRETCH"},"content":{"rendered":"<div>Com a audi\u00eancia de Marcelo Odebrecht realizada na manh\u00e3 desta sexta-feira (27\/1), na Justi\u00e7a Federal em Curitiba, os ju\u00edzes auxiliares que atuam no gabinete do ministro Teori Zavascki, morto no dia 19 em um acidente a\u00e9reo em Paraty (RJ), conclu\u00edram a tomada dos depoimentos para confirmar o teor dos acordos dos 77 executivos e ex-funcion\u00e1rios da empreiteira e que devem dobrar o tamanho das investiga\u00e7\u00f5es da Lava Jato.<\/div>\n<div><\/div>\n<div>O caso agora est\u00e1 nas m\u00e3os da presidente do Supremo, ministra C\u00e1rmen L\u00facia, que deve redistribuir a relatoria dos processos da Lava Jato na semana que vem. Ap\u00f3s a morte de Teori, ela conversou com outros colegas da Corte e at\u00e9 com o procurador-geral da Rep\u00fablica, Rodrigo Janot, e decidiu no come\u00e7o da semana retomar o cronograma dos depoimentos da Odebrecht que havia sido estabelecido por Teori.<\/div>\n<div><\/div>\n<div><\/div>\n<div><\/div>\n<div>O antigo relator do caso no STF e seus ju\u00edzes auxiliares dedicaram-se ao assunto nas f\u00e9rias e, com o acidente, o cronograma inicial foi interrompido. Mesmo com a morte do ministro, os auxiliares que atuam em seu gabinete permanecem trabalhando at\u00e9 que o sucessor de Teori assuma e decida sobre a equipe do gabinete.<\/div>\n<div><\/div>\n<div>O acordo de colabora\u00e7\u00e3o fechado com a Procuradoria-Geral da Rep\u00fablica prev\u00ea que apenas Marcelo Odebrecht continue na pris\u00e3o at\u00e9 o fim deste ano. Ao todo, a pena prevista para Marcelo ser\u00e1 de dez anos, sendo os dois primeiros na cadeia.<\/div>\n<div><\/div>\n<div>Ele est\u00e1 preso preventivamente por determina\u00e7\u00e3o do juiz S\u00e9rgio Moro desde junho de 2015, suspeito de pagar propina em troca de contratos na Petrobras. Depois desse per\u00edodo, no fim de 2017, passar\u00e1 a ter direito a progress\u00f5es gradativas: dois anos e meio em regime fechado domiciliar, dois anos e meio no semiaberto e a \u00faltima parte no regime aberto.<\/div>\n<h3>Related Images:<\/h3>","protected":false},"excerpt":{"rendered":"<p>Com a audi\u00eancia de Marcelo Odebrecht realizada na manh\u00e3 desta sexta-feira (27\/1), na Justi\u00e7a Federal&#8230;<\/p>\n","protected":false},"author":1,"featured_media":0,"comment_status":"closed","ping_status":"open","sticky":false,"template":"","format":"standard","meta":{"sfsi_plus_gutenberg_text_before_share":"","sfsi_plus_gutenberg_show_text_before_share":"","sfsi_plus_gutenberg_icon_type":"","sfsi_plus_gutenberg_icon_alignemt":"","sfsi_plus_gutenburg_max_per_row":"","_exactmetrics_skip_tracking":false,"_exactmetrics_sitenote_active":false,"_exactmetrics_sitenote_note":"","_exactmetrics_sitenote_category":0,"ngg_post_thumbnail":0,"footnotes":""},"categories":[5],"tags":[],"class_list":["post-8815","post","type-post","status-publish","format-standard","hentry","category-destaques"],"_links":{"self":[{"href":"https:\/\/www.diasdavilaacontece.com\/index.php?rest_route=\/wp\/v2\/posts\/8815","targetHints":{"allow":["GET"]}}],"collection":[{"href":"https:\/\/www.diasdavilaacontece.com\/index.php?rest_route=\/wp\/v2\/posts"}],"about":[{"href":"https:\/\/www.diasdavilaacontece.com\/index.php?rest_route=\/wp\/v2\/types\/post"}],"author":[{"embeddable":true,"href":"https:\/\/www.diasdavilaacontece.com\/index.php?rest_route=\/wp\/v2\/users\/1"}],"replies":[{"embeddable":true,"href":"https:\/\/www.diasdavilaacontece.com\/index.php?rest_route=%2Fwp%2Fv2%2Fcomments&post=8815"}],"version-history":[{"count":1,"href":"https:\/\/www.diasdavilaacontece.com\/index.php?rest_route=\/wp\/v2\/posts\/8815\/revisions"}],"predecessor-version":[{"id":8817,"href":"https:\/\/www.diasdavilaacontece.com\/index.php?rest_route=\/wp\/v2\/posts\/8815\/revisions\/8817"}],"wp:attachment":[{"href":"https:\/\/www.diasdavilaacontece.com\/index.php?rest_route=%2Fwp%2Fv2%2Fmedia&parent=8815"}],"wp:term":[{"taxonomy":"category","embeddable":true,"href":"https:\/\/www.diasdavilaacontece.com\/index.php?rest_route=%2Fwp%2Fv2%2Fcategories&post=8815"},{"taxonomy":"post_tag","embeddable":true,"href":"https:\/\/www.diasdavilaacontece.com\/index.php?rest_route=%2Fwp%2Fv2%2Ftags&post=8815"}],"curies":[{"name":"wp","href":"https:\/\/api.w.org\/{rel}","templated":true}]}}