{"id":8820,"date":"2017-01-29T10:49:19","date_gmt":"2017-01-29T10:49:19","guid":{"rendered":"http:\/\/www.diasdavilaacontece.com\/?p=8820"},"modified":"2017-01-29T10:49:19","modified_gmt":"2017-01-29T10:49:19","slug":"jussara-marcia-se-reune-com-secretario-de-rui-em-busca-de-desenvolvimento-no-turismo","status":"publish","type":"post","link":"https:\/\/www.diasdavilaacontece.com\/?p=8820","title":{"rendered":"JUSSARA M\u00c1RCIA SE RE\u00daNE COM SECRET\u00c1RIO DE RUI EM BUSCA DE DESENVOLVIMENTO NO TURISMO"},"content":{"rendered":"<p>E no dia 27 de janeiro, o secret\u00e1rio do Turismo do Estado, Jos\u00e9 Alves, e a prefeita de Dias D\u2019\u00c1vila, Jussara M\u00e1rcia do Nascimento, se reuniram em Salvador para discutir estrat\u00e9gias para o desenvolvimento do turismo da &#8220;Cidade das \u00c1guas&#8221;.<\/p>\n<p>&nbsp;<\/p>\n<p>\u201cFoi aberto um canal de comunica\u00e7\u00e3o direta com os munic\u00edpios que t\u00eam interesse no desenvolvimento da atividade tur\u00edstica. A gest\u00e3o municipal de Dias D\u00b4\u00c1vila, na Regi\u00e3o Metropolitana de Salvador, entende a import\u00e2ncia do turismo para o desenvolvimento da economia local. Queremos contribuir com munic\u00edpios de todo o estado, com apoio institucional, infraestrutura e qualifica\u00e7\u00e3o profissional e empresarial, entre outros aspectos\u201d, disse \u00a0o secret\u00e1rio Alves.<\/p>\n<p>&nbsp;<\/p>\n<p>Entre os atrativos tur\u00edsticos da cidade, foi apresentado ao secret\u00e1rio foi a Associa\u00e7\u00e3o Ceramista de Artesanato, a escola para produ\u00e7\u00e3o das cer\u00e2micas que remetem \u00e0 faian\u00e7a portuguesa, tradicional tipo de cer\u00e2mica branca.<\/p>\n<p>&nbsp;<\/p>\n<p>Tamb\u00e9m foi debatido o potencial do turismo religioso na regi\u00e3o: o munic\u00edpio ganhar\u00e1 um espa\u00e7o dedicado exclusivamente a atividades religiosas. O projeto, batizado de Cidade Santa, foi idealizado pelo padre Paulo Avelino, e tem previs\u00e3o de abertura em novembro. Inspirado em grandes \u00edcones do turismo religioso como Aparecida (S\u00e3o Paulo), Bom Jesus da Lapa, na Bahia, e Guadalupe (M\u00e9xico), a Cidade Santa ter\u00e1 um santu\u00e1rio dedicado a Nossa Senhora das Gra\u00e7as.<\/p>\n<p>&nbsp;<\/p>\n<p>Os dois gestores tamb\u00e9m trataram dos festejos juninos, que os quais a cidade tem forte liga\u00e7\u00e3o, e tamb\u00e9m dos investimentos que a prefeitura far\u00e1 no Parque Imbassa\u00ed.<\/p>\n<h3>Related Images:<\/h3>","protected":false},"excerpt":{"rendered":"<p>E no dia 27 de janeiro, o secret\u00e1rio do Turismo do Estado, Jos\u00e9 Alves, e&#8230;<\/p>\n","protected":false},"author":1,"featured_media":0,"comment_status":"closed","ping_status":"open","sticky":false,"template":"","format":"standard","meta":{"sfsi_plus_gutenberg_text_before_share":"","sfsi_plus_gutenberg_show_text_before_share":"","sfsi_plus_gutenberg_icon_type":"","sfsi_plus_gutenberg_icon_alignemt":"","sfsi_plus_gutenburg_max_per_row":"","_exactmetrics_skip_tracking":false,"_exactmetrics_sitenote_active":false,"_exactmetrics_sitenote_note":"","_exactmetrics_sitenote_category":0,"ngg_post_thumbnail":0,"footnotes":""},"categories":[56],"tags":[],"class_list":["post-8820","post","type-post","status-publish","format-standard","hentry","category-dias-davila"],"_links":{"self":[{"href":"https:\/\/www.diasdavilaacontece.com\/index.php?rest_route=\/wp\/v2\/posts\/8820","targetHints":{"allow":["GET"]}}],"collection":[{"href":"https:\/\/www.diasdavilaacontece.com\/index.php?rest_route=\/wp\/v2\/posts"}],"about":[{"href":"https:\/\/www.diasdavilaacontece.com\/index.php?rest_route=\/wp\/v2\/types\/post"}],"author":[{"embeddable":true,"href":"https:\/\/www.diasdavilaacontece.com\/index.php?rest_route=\/wp\/v2\/users\/1"}],"replies":[{"embeddable":true,"href":"https:\/\/www.diasdavilaacontece.com\/index.php?rest_route=%2Fwp%2Fv2%2Fcomments&post=8820"}],"version-history":[{"count":1,"href":"https:\/\/www.diasdavilaacontece.com\/index.php?rest_route=\/wp\/v2\/posts\/8820\/revisions"}],"predecessor-version":[{"id":8822,"href":"https:\/\/www.diasdavilaacontece.com\/index.php?rest_route=\/wp\/v2\/posts\/8820\/revisions\/8822"}],"wp:attachment":[{"href":"https:\/\/www.diasdavilaacontece.com\/index.php?rest_route=%2Fwp%2Fv2%2Fmedia&parent=8820"}],"wp:term":[{"taxonomy":"category","embeddable":true,"href":"https:\/\/www.diasdavilaacontece.com\/index.php?rest_route=%2Fwp%2Fv2%2Fcategories&post=8820"},{"taxonomy":"post_tag","embeddable":true,"href":"https:\/\/www.diasdavilaacontece.com\/index.php?rest_route=%2Fwp%2Fv2%2Ftags&post=8820"}],"curies":[{"name":"wp","href":"https:\/\/api.w.org\/{rel}","templated":true}]}}