{"id":8829,"date":"2017-01-30T11:52:51","date_gmt":"2017-01-30T11:52:51","guid":{"rendered":"http:\/\/www.diasdavilaacontece.com\/?p=8829"},"modified":"2017-01-30T12:04:49","modified_gmt":"2017-01-30T12:04:49","slug":"editorial-cronica-politica-para-dias-davila-no-inicio-de-2017","status":"publish","type":"post","link":"https:\/\/www.diasdavilaacontece.com\/?p=8829","title":{"rendered":"EDITORIAL &#8211; CR\u00d4NICA POL\u00cdTICA PARA DIAS D&#8217;\u00c1VILA NO IN\u00cdCIO DE 2017"},"content":{"rendered":"<p>Por _ Roger Lima<\/p>\n<p>&nbsp;<\/p>\n<p>E a correria pol\u00edtica do ano de 2016 foi de deixar rastros na hist\u00f3ria de Dias d\u2019\u00c1vila. De um lado Jussara M\u00e1rcia, do PT se sagrava na lideran\u00e7a das pesquisas de todos os candidatos. Alberto Castro era o segundo favorito do povo, tamb\u00e9m apontava as pesquisas. O empres\u00e1rio Raimundo da JR vinha como franco-atirador \u2013 disposto a se sagrar de qualquer forma como destaque na elei\u00e7\u00e3o. E deu, como previa as pesquisas e a voz do povo, Jussara M\u00e1rcia para governar a cidade por mais quatro anos.<br \/>\nN\u00e3o faltou ao p\u00fablico e ao eleitor, palpites mil. Cajado viria para a elei\u00e7\u00e3o? Castro e Raimundinho, oposi\u00e7\u00e3o declarada, se juntariam em uma \u00fanica chapa?<br \/>\nAcabou que Cajado n\u00e3o veio e a uni\u00e3o dos candidatos da oposi\u00e7\u00e3o n\u00e3o existiu. Melhor para Jussara. No final, Jussara comemorou.<br \/>\nE a corrida do legislativo tamb\u00e9m foi diferente. Seis dos vereadores da gest\u00e3o de 2013\/2016 n\u00e3o voltaram para suas cadeiras em 2017. N\u00e3o se pode culpar suas campanhas, nem ao povo \u2013 acontece que algo de diferente pairava no ar. Saiu Andr\u00e9 Rosas, Caxind\u00e9, Cruel, Amarildo, Ivone Mucug\u00ea e Levi Amaral. Veio para 2017 nomes novos como Thiago Saraiva, Cleiton Lima, Milton Barbosa, Zeni e voltaram alguns nomes j\u00e1 conhecidos na c\u00e2mara \u2013 A Dra Aleide Freire e T\u00e2nia Enfermeira.<br \/>\nMuitos nomes ficaram pelo caminho. Se seriam nomes bons, a gente n\u00e3o poderia dizer \u2013 n\u00e3o foram eleitos. Muitos n\u00e3o voltaram em 2020. J\u00e1 outros tantos estar\u00e3o novamente em campanha para o pr\u00f3ximo pleito municipal.<br \/>\nE daqui a um ano \u2013 em 2018, j\u00e1 estaremos todos falando em nomes para a elei\u00e7\u00e3o de Senador, Deputados, Governador e Presidente. Para presidente, muitos apostam que volta Lula, vem Bolsonaro, vem Marina (?) e poder\u00e1 vir tamb\u00e9m Feliciano, que est\u00e1 fazendo muito barulho. O povo st\u00e1 revoltado com a pol\u00edtica que se v\u00ea nos telejornais, e poder\u00e1 haver surpresa na elei\u00e7\u00e3o pra presidente \u2013 como aconteceu nos EUA.<br \/>\nOs senadores dever\u00e3o quase que ser os mesmos nomes \u2013 eternos dinossauros do planalto central. A cidade n\u00e3o vai apresentar nenhum nome \u2013 s\u00f3 deve bater contin\u00eancia pra algum nome que vai chegar pra n\u00f3s. Resta a avalia\u00e7\u00e3o pessoal \u2013 voto ou n\u00e3o voto. Saber escolher \u00e9 a quest\u00e3o.<\/p>\n<p>&nbsp;<br \/>\nPra Deputado Federal poderemos ter representante local. Dias d\u2019\u00c1vila dever\u00e1 ter o nome de Cla\u00fadio Cajado \u2013 como sempre. Mas a surpresa poder\u00e1 vir com um nome local. Fontes indicam que o Vereador Dr Jos\u00e9 Carlos poder\u00e1 sair pra esta corrida eleitoral pra Federal. Manifestar a respeito, o mesmo j\u00e1 o fez \u2013 s\u00f3 n\u00e3o confirmou esta inten\u00e7\u00e3o. Ser\u00e1 que teremos outro nome pra deputado na cidade? Ventos que sopram de todos lados falam que Raimundinho da JR tamb\u00e9m poder\u00e1 se fazer presente entre os nomes que representaram a cidade na campanha. O nome de Jo\u00e3o Gualberto, da vizinha Mata de S\u00e3o Jo\u00e3o pode ser que leve votos da cidade. Isso sem falar que um ou dois nomes devem chegar a cidade oriundos de Cama\u00e7ari \u2013 como sempre.<br \/>\nOutros paraquedistas dever\u00e3o levar muitos votos de eleitores daqui, j\u00e1 que a cidade tem muita representa\u00e7\u00e3o de partidos pol\u00edticos.<br \/>\nJ\u00e1 pra Deputado Estadual, a cidade com certeza tamb\u00e9m apresentar\u00e1 nomes. Nem que seja pra atrapalhar um ao outro. Ser\u00e1 que Levi Amaral vai se aventurar nesta campanha do ano que vem, mesmo n\u00e3o tendo sido eleito como vereador em 2016? Ser\u00e1 que Alberto Castro, a exemplo das elei\u00e7\u00f5es passadas, vir\u00e1 novamente tentando representar a cidade, agora ladeado pelo Deputado Federal Jo\u00e3o Gualberto?<br \/>\nOutro nome que poder\u00e1 aparecer, \u00e9 o de Jussara M\u00e1rcia. Ser\u00e1? Se Jussara vir como candidata a Deputada Estadual, na metade de seu mandato como prefeita, sendo eleita, ganha mais quatro anos na pol\u00edtica, j\u00e1 que n\u00e3o poder\u00e1 concorrer a elei\u00e7\u00e3o municipal de 2020 (sendo assim, provavelmente n\u00e3o dever\u00e1 haver a dobradinha com Dr Jos\u00e9 Carlos que deve abdicar da campanha). E diga-se passagem \u2013 um nome forte. Ela s\u00f3 precisa ganhar mais nome e mais for\u00e7a na pol\u00edtica municipal. Tendo um bom deputado federal pra estar junto, Jussara pode ser novidade. Mas, por enquanto s\u00f3 conjecturas.<\/p>\n<p>&nbsp;<\/p>\n<p>Pensando nisto eu vejo Geraldo Requi\u00e3o como prefeito no resto do mandato e Dr Jos\u00e9 Carlos como vice-prefeito. Assume a C\u00e2mara Municipal a vice-presidente \u2013 que hoje \u00e9 Maria Imperatriz \u2013 mas que em 2018 tendo nova elei\u00e7\u00e3o, dever\u00e1 eleger um novo nome e dever\u00e1 ser uma campanha local de acirrar os nervos. Dai eu penso mais um pouco \u2013 ser\u00e1 que Geraldo Requi\u00e3o \u00e9 o nome para Jussara M\u00e1rcia indicar para 2020?<\/p>\n<p>&nbsp;<\/p>\n<p>E por falar nisto, vamos conjecturar \u2013 quem ser\u00e1 o nome de sucess\u00e3o do governo Jussara? Rose de Requi\u00e3o? Andr\u00e9 Rosas (?)? Requi\u00e3o? Tina Costa? Zeni ou Jer\u00f4nimo? Imperatriz? Aleide? Marinho? (?). Mas vamos esperar os ventos soprarem&#8230;<\/p>\n<p>&nbsp;<\/p>\n<p>Me batam um abacate, por favor. Ainda que chutemos cachorro morto&#8230;<\/p>\n<h3>Related Images:<\/h3>","protected":false},"excerpt":{"rendered":"<p>Por _ Roger Lima &nbsp; E a correria pol\u00edtica do ano de 2016 foi de&#8230;<\/p>\n","protected":false},"author":1,"featured_media":0,"comment_status":"closed","ping_status":"open","sticky":false,"template":"","format":"standard","meta":{"sfsi_plus_gutenberg_text_before_share":"","sfsi_plus_gutenberg_show_text_before_share":"","sfsi_plus_gutenberg_icon_type":"","sfsi_plus_gutenberg_icon_alignemt":"","sfsi_plus_gutenburg_max_per_row":"","_exactmetrics_skip_tracking":false,"_exactmetrics_sitenote_active":false,"_exactmetrics_sitenote_note":"","_exactmetrics_sitenote_category":0,"ngg_post_thumbnail":0,"footnotes":""},"categories":[56],"tags":[],"class_list":["post-8829","post","type-post","status-publish","format-standard","hentry","category-dias-davila"],"_links":{"self":[{"href":"https:\/\/www.diasdavilaacontece.com\/index.php?rest_route=\/wp\/v2\/posts\/8829","targetHints":{"allow":["GET"]}}],"collection":[{"href":"https:\/\/www.diasdavilaacontece.com\/index.php?rest_route=\/wp\/v2\/posts"}],"about":[{"href":"https:\/\/www.diasdavilaacontece.com\/index.php?rest_route=\/wp\/v2\/types\/post"}],"author":[{"embeddable":true,"href":"https:\/\/www.diasdavilaacontece.com\/index.php?rest_route=\/wp\/v2\/users\/1"}],"replies":[{"embeddable":true,"href":"https:\/\/www.diasdavilaacontece.com\/index.php?rest_route=%2Fwp%2Fv2%2Fcomments&post=8829"}],"version-history":[{"count":3,"href":"https:\/\/www.diasdavilaacontece.com\/index.php?rest_route=\/wp\/v2\/posts\/8829\/revisions"}],"predecessor-version":[{"id":8833,"href":"https:\/\/www.diasdavilaacontece.com\/index.php?rest_route=\/wp\/v2\/posts\/8829\/revisions\/8833"}],"wp:attachment":[{"href":"https:\/\/www.diasdavilaacontece.com\/index.php?rest_route=%2Fwp%2Fv2%2Fmedia&parent=8829"}],"wp:term":[{"taxonomy":"category","embeddable":true,"href":"https:\/\/www.diasdavilaacontece.com\/index.php?rest_route=%2Fwp%2Fv2%2Fcategories&post=8829"},{"taxonomy":"post_tag","embeddable":true,"href":"https:\/\/www.diasdavilaacontece.com\/index.php?rest_route=%2Fwp%2Fv2%2Ftags&post=8829"}],"curies":[{"name":"wp","href":"https:\/\/api.w.org\/{rel}","templated":true}]}}