{"id":8834,"date":"2017-01-30T21:50:55","date_gmt":"2017-01-30T21:50:55","guid":{"rendered":"http:\/\/www.diasdavilaacontece.com\/?p=8834"},"modified":"2017-01-30T21:50:55","modified_gmt":"2017-01-30T21:50:55","slug":"eike-batista-e-preso-ao-desembarcar-no-rio-vindo-de-nova-york","status":"publish","type":"post","link":"https:\/\/www.diasdavilaacontece.com\/?p=8834","title":{"rendered":"EIKE BATISTA \u00c9 PRESO AO DESEMBARCAR NO RIO VINDO DE NOVA YORK"},"content":{"rendered":"<div class=\"box\">\n<div class=\"content\">\n<p>Alvo de uma\u00a0ordem de pris\u00e3o preventiva desde o dia 13 de janeiro e na lista dos procurados pela Interpol, o empres\u00e1rio Eike Batista desembarcou nesta manh\u00e3 no Aeroporto Internacional do Rio de Janeiro, o Gale\u00e3o, e foi detido pela Pol\u00edcia Federal. Ele embarcou na noite deste domingo no voo 973 da American Airlines, no aeroporto JFK, em Nova York. A aeronave tocou o solo brasileiro \u00e0s 9h54.<\/p>\n<p>O empres\u00e1rio\u00a0passou pelo Instituto M\u00e9dico Legal onde fez exame de corpo e delito e seguiu em um cambur\u00e3o da PF para o pres\u00eddio Ary Franco, em Agua Santa, no Rio. Posteriormente ele foi para o pres\u00eddio de Bangu 9, onde deve permanecer detido.<\/p>\n<p>Eike, que j\u00e1 foi um dos homens mais ricos do Pa\u00eds, \u00e9 um dos nove alvos da Opera\u00e7\u00e3o Efici\u00eancia deflagrada na quinta-feira, 26, que teve a pris\u00e3o preventiva decretada pelo juiz Marcelo Bretas, da Justi\u00e7a Federal no Rio. A Opera\u00e7\u00e3o investiga um esquema que teria lavado ao menos US$ 100 milh\u00f5es em propinas para o grupo pol\u00edtico do ex-governador S\u00e9rgio Cabral, atualmente preso em Bangu 8.<\/p>\n<p>Como n\u00e3o tem curso superior, diferente de Cabral e outros membros de seu grupo, Eike n\u00e3o tem direito a cela especial e deve ficar em uma cela comum, uma das maiores preocupa\u00e7\u00f5es do executivo e sua defesa.<\/p>\n<p>Ele \u00e9 acusado de pagar propina de US$ 16,5 milh\u00f5es ao ex-governador do Rio em 2011 por meio de sua offshore Golden Rock, no Panam\u00e1, para conta banc\u00e1ria do doleiro Renato Chaber no Uruguai. O doleiro fez dela\u00e7\u00e3o premiada e admitiu que recebeu a quantia em nome de Cabral por meio de a\u00e7\u00f5es da Vale, Petrobr\u00e1s e Ambev.<\/p>\n<\/div>\n<\/div>\n<div class=\"correcoes-atalho\"><\/div>\n<div class=\"correcoes-atalho\">Segundo a Pol\u00edcia Federal, Eike foi levado ao Ary Franco pela manh\u00e3 apenas para triagem. Ele teve a cabe\u00e7a raspada e ficou separado dos outros presos. Mas, conforme o Broadcast informou mais cedo, o empres\u00e1rio seria transferido por quest\u00e3o de seguran\u00e7a.<\/p>\n<p>Eike Batista desembarcou no Aeroporto Internacional do Rio de Janeiro, o Gale\u00e3o, pouco antes das 10 horas desta segunda-feira, vindo de Nova York. Ele foi levado at\u00e9 a sede do Instituto M\u00e9dico Legal, no centro da capital fluminense, para exame de corpo de delito, e deixou o local com escolta policial j\u00e1 em dire\u00e7\u00e3o ao pres\u00eddio Ary Franco. No in\u00edcio da tarde, policiais fizeram o deslocamento do empres\u00e1rio para Bangu.<\/p>\n<p>Eike deve ocupar uma cela comum, no Pres\u00eddio Bandeira Stampa, conhecido como Bangu 9. A unidade abriga os presos de &#8220;faxina&#8221;, aqueles que fazem o trabalho interno nos pres\u00eddios.<\/p>\n<p>Na manh\u00e3 desta segunda-feira, o diretor de secretaria da 7\u00aa Vara Federal Criminal do Rio, Fernando Pombal, foi a Bangu 9. Ele se encontrou com o diretor da unidade para verificar a seguran\u00e7a de Eike e visitar a cela do empres\u00e1rio.<\/p>\n<p>Uma fonte informou ao Broadcast que a pr\u00f3pria Secretaria de Estado de Administra\u00e7\u00e3o Penitenci\u00e1ria (Seap) entendeu que o empres\u00e1rio deveria ir para um lugar mais seguro do que o Ary Franco.<\/p><\/div>\n<div class=\"continuar-lendo\"><\/div>\n<h3>Related Images:<\/h3>","protected":false},"excerpt":{"rendered":"<p>Alvo de uma\u00a0ordem de pris\u00e3o preventiva desde o dia 13 de janeiro e na lista&#8230;<\/p>\n","protected":false},"author":1,"featured_media":0,"comment_status":"closed","ping_status":"open","sticky":false,"template":"","format":"standard","meta":{"sfsi_plus_gutenberg_text_before_share":"","sfsi_plus_gutenberg_show_text_before_share":"","sfsi_plus_gutenberg_icon_type":"","sfsi_plus_gutenberg_icon_alignemt":"","sfsi_plus_gutenburg_max_per_row":"","_exactmetrics_skip_tracking":false,"_exactmetrics_sitenote_active":false,"_exactmetrics_sitenote_note":"","_exactmetrics_sitenote_category":0,"ngg_post_thumbnail":0,"footnotes":""},"categories":[5],"tags":[],"class_list":["post-8834","post","type-post","status-publish","format-standard","hentry","category-destaques"],"_links":{"self":[{"href":"https:\/\/www.diasdavilaacontece.com\/index.php?rest_route=\/wp\/v2\/posts\/8834","targetHints":{"allow":["GET"]}}],"collection":[{"href":"https:\/\/www.diasdavilaacontece.com\/index.php?rest_route=\/wp\/v2\/posts"}],"about":[{"href":"https:\/\/www.diasdavilaacontece.com\/index.php?rest_route=\/wp\/v2\/types\/post"}],"author":[{"embeddable":true,"href":"https:\/\/www.diasdavilaacontece.com\/index.php?rest_route=\/wp\/v2\/users\/1"}],"replies":[{"embeddable":true,"href":"https:\/\/www.diasdavilaacontece.com\/index.php?rest_route=%2Fwp%2Fv2%2Fcomments&post=8834"}],"version-history":[{"count":1,"href":"https:\/\/www.diasdavilaacontece.com\/index.php?rest_route=\/wp\/v2\/posts\/8834\/revisions"}],"predecessor-version":[{"id":8836,"href":"https:\/\/www.diasdavilaacontece.com\/index.php?rest_route=\/wp\/v2\/posts\/8834\/revisions\/8836"}],"wp:attachment":[{"href":"https:\/\/www.diasdavilaacontece.com\/index.php?rest_route=%2Fwp%2Fv2%2Fmedia&parent=8834"}],"wp:term":[{"taxonomy":"category","embeddable":true,"href":"https:\/\/www.diasdavilaacontece.com\/index.php?rest_route=%2Fwp%2Fv2%2Fcategories&post=8834"},{"taxonomy":"post_tag","embeddable":true,"href":"https:\/\/www.diasdavilaacontece.com\/index.php?rest_route=%2Fwp%2Fv2%2Ftags&post=8834"}],"curies":[{"name":"wp","href":"https:\/\/api.w.org\/{rel}","templated":true}]}}