{"id":8845,"date":"2017-02-01T10:41:00","date_gmt":"2017-02-01T10:41:00","guid":{"rendered":"http:\/\/www.diasdavilaacontece.com\/?p=8845"},"modified":"2017-02-01T10:41:00","modified_gmt":"2017-02-01T10:41:00","slug":"deputado-eunicio-oliveira-pmdbce-deve-ser-o-presidente-do-senado","status":"publish","type":"post","link":"https:\/\/www.diasdavilaacontece.com\/?p=8845","title":{"rendered":"DEPUTADO EUN\u00cdCIO OLIVEIRA, PMDB\/CE DEVE SER O PRESIDENTE DO SENADO"},"content":{"rendered":"<p>Num contraponto \u00e0 tensa disputa ao comando da C\u00e2mara, o l\u00edder do PMDB no Senado, Eun\u00edcio Oliveira (CE), deve se eleger nesta quarta-feira presidente da Casa pelos pr\u00f3ximos dois anos. Aos 64 anos e senador de primeiro mandato, Eun\u00edcio vinha costurando nas \u00faltimas semanas apoio de partidos da base aliada e da oposi\u00e7\u00e3o, com a promessa de distribui\u00e7\u00e3o de cargos respeitando o tamanho das bancadas.<\/p>\n<div class=\"read-more pull-left margin-top-10 margin-right-20\">\n<h3 class=\"margin-top-5 margin-bottom-10\"><\/h3>\n<\/div>\n<p>Empres\u00e1rio com a segunda maior fortuna declarada no Senado, R$ 99 milh\u00f5es em 2014, o senador \u00e9 defensor da agenda de reformas do presidente Michel Temer, de quem se diz &#8220;amigo&#8221; e &#8220;parceiro&#8221;.<\/p>\n<div id=\"anchor_wb5203cbfa5\"><\/div>\n<div id=\"container_wb5203cbfa5\" class=\"vrl-unit-container\"><\/div>\n<p>Eun\u00edcio, que tamb\u00e9m presidir\u00e1 o Congresso e ser\u00e1 o segundo na linha sucess\u00f3ria da Presid\u00eancia, disse \u00e0 reportagem que o Poder Legislativo deve debater com profundidade a reforma da Previd\u00eancia e eventualmente rever a possibilidade, contida no texto, de que a aposentadoria integral s\u00f3 ocorrer\u00e1 com 49 anos de contribui\u00e7\u00e3o.<\/p>\n<p>&#8220;Nada que entra aqui tem a obriga\u00e7\u00e3o de sair do jeito que chegou&#8221;, afirmou. Mas d\u00e1 sinais de que trabalhar\u00e1, se necess\u00e1rio, para garantir o calend\u00e1rio do governo de aprovar a reforma nas duas Casas Legislativas ainda no primeiro semestre. &#8220;Discuss\u00e3o r\u00e1pida n\u00e3o quer dizer n\u00e3o discuss\u00e3o, n\u00e3o debate e n\u00e3o modifica\u00e7\u00e3o (no texto).&#8221;<\/p>\n<p>O peemedebista tem dito que, a despeito da pauta de Temer, vai defender uma agenda de desburocratiza\u00e7\u00e3o do Pa\u00eds e que ajude a criara um ambiente prop\u00edcio para os neg\u00f3cios. Para ele, esse debate n\u00e3o pode ser exclusivo do Executivo.<\/p>\n<p>Mesmo como cotado para suceder Renan Calheiros (PMDB-AL) desde a recondu\u00e7\u00e3o dele, em fevereiro de 2015, Eun\u00edcio s\u00f3 teve sua candidatura confirmada por aclama\u00e7\u00e3o da bancada do PMDB nesta ter\u00e7a-feira, em encontro na resid\u00eancia oficial do Senado.<\/p>\n<p>Diferentemente do antecessor, que se envolveu em uma s\u00e9rie de conflitos com o Judici\u00e1rio, o peemedebista tem pregado o di\u00e1logo entre os Poderes e disse que pretende se reunir em breve com a presidente do Supremo Tribunal Federal (STF), ministra C\u00e1rmen L\u00facia.<\/p>\n<h3>Lava-Jato<\/h3>\n<p>O senador afirmou n\u00e3o ter &#8220;nenhuma preocupa\u00e7\u00e3o&#8221; com a homologa\u00e7\u00e3o da dela\u00e7\u00e3o dos 77 executivos e ex-executivos da Odebrecht. Ele foi citado pelo executivo Cl\u00e1udio Mello Filho como recebedor de R$ 2,1 milh\u00f5es em recursos para facilitar a aprova\u00e7\u00e3o de uma medida provis\u00f3ria de interesse da empreiteira. O peemedebista recha\u00e7a a acusa\u00e7\u00e3o e at\u00e9 tirou um &#8220;nada consta&#8221; do Supremo para dizer que n\u00e3o \u00e9 alvo de investiga\u00e7\u00e3o. &#8220;(N\u00e3o tenho) nenhuma (preocupa\u00e7\u00e3o), sei o que fiz e sei o que n\u00e3o fiz, tenho absoluta convic\u00e7\u00e3o e quem acompanha o meu trabalho sabe o que fiz nesses 20 anos.&#8221;<\/p>\n<p>Para Eun\u00edcio, n\u00e3o h\u00e1 &#8220;absolutamente nenhum&#8221; constrangimento com a atual situa\u00e7\u00e3o por que passa. Na reta final da campanha, contudo, um colega de bancada, Roberto Requi\u00e3o (PMDB-PR), passou a defender a divulga\u00e7\u00e3o do conte\u00fado das dela\u00e7\u00f5es, medida que poderia prejudicar o correligion\u00e1rio, e tentava costurar no dia anterior \u00e0 elei\u00e7\u00e3o, com o apoio do PT e do PCdoB, uma candidatura &#8220;alternativa&#8221; no PMDB, partido que tem a prerrogativa de indicar o candidato. At\u00e9 a conclus\u00e3o desta reportagem, n\u00e3o estava certo se Requi\u00e3o iria se lan\u00e7ar \u00e0 disputa.<\/p>\n<p>Cr\u00edtico da falta de debate &#8211; at\u00e9 o momento o favorito n\u00e3o divulgou uma &#8220;plataforma de governo&#8221; -, Requi\u00e3o ao menos conseguiu a promessa de Eun\u00edcio de encampar, caso eleito, sua pauta de reivindica\u00e7\u00f5es, entre elas uma maior participa\u00e7\u00e3o dos senadores na distribui\u00e7\u00e3o de relatorias de projetos.<\/p>\n<h3>Related Images:<\/h3>","protected":false},"excerpt":{"rendered":"<p>Num contraponto \u00e0 tensa disputa ao comando da C\u00e2mara, o l\u00edder do PMDB no Senado,&#8230;<\/p>\n","protected":false},"author":1,"featured_media":8846,"comment_status":"closed","ping_status":"open","sticky":false,"template":"","format":"standard","meta":{"sfsi_plus_gutenberg_text_before_share":"","sfsi_plus_gutenberg_show_text_before_share":"","sfsi_plus_gutenberg_icon_type":"","sfsi_plus_gutenberg_icon_alignemt":"","sfsi_plus_gutenburg_max_per_row":"","_exactmetrics_skip_tracking":false,"_exactmetrics_sitenote_active":false,"_exactmetrics_sitenote_note":"","_exactmetrics_sitenote_category":0,"ngg_post_thumbnail":0,"footnotes":""},"categories":[5],"tags":[],"class_list":["post-8845","post","type-post","status-publish","format-standard","has-post-thumbnail","hentry","category-destaques"],"_links":{"self":[{"href":"https:\/\/www.diasdavilaacontece.com\/index.php?rest_route=\/wp\/v2\/posts\/8845","targetHints":{"allow":["GET"]}}],"collection":[{"href":"https:\/\/www.diasdavilaacontece.com\/index.php?rest_route=\/wp\/v2\/posts"}],"about":[{"href":"https:\/\/www.diasdavilaacontece.com\/index.php?rest_route=\/wp\/v2\/types\/post"}],"author":[{"embeddable":true,"href":"https:\/\/www.diasdavilaacontece.com\/index.php?rest_route=\/wp\/v2\/users\/1"}],"replies":[{"embeddable":true,"href":"https:\/\/www.diasdavilaacontece.com\/index.php?rest_route=%2Fwp%2Fv2%2Fcomments&post=8845"}],"version-history":[{"count":1,"href":"https:\/\/www.diasdavilaacontece.com\/index.php?rest_route=\/wp\/v2\/posts\/8845\/revisions"}],"predecessor-version":[{"id":8847,"href":"https:\/\/www.diasdavilaacontece.com\/index.php?rest_route=\/wp\/v2\/posts\/8845\/revisions\/8847"}],"wp:featuredmedia":[{"embeddable":true,"href":"https:\/\/www.diasdavilaacontece.com\/index.php?rest_route=\/wp\/v2\/media\/8846"}],"wp:attachment":[{"href":"https:\/\/www.diasdavilaacontece.com\/index.php?rest_route=%2Fwp%2Fv2%2Fmedia&parent=8845"}],"wp:term":[{"taxonomy":"category","embeddable":true,"href":"https:\/\/www.diasdavilaacontece.com\/index.php?rest_route=%2Fwp%2Fv2%2Fcategories&post=8845"},{"taxonomy":"post_tag","embeddable":true,"href":"https:\/\/www.diasdavilaacontece.com\/index.php?rest_route=%2Fwp%2Fv2%2Ftags&post=8845"}],"curies":[{"name":"wp","href":"https:\/\/api.w.org\/{rel}","templated":true}]}}